{"id":3555,"date":"2022-07-18T14:25:26","date_gmt":"2022-07-18T13:25:26","guid":{"rendered":"https:\/\/www.dnacidadania.com.br\/?p=3555"},"modified":"2022-08-19T14:41:30","modified_gmt":"2022-08-19T13:41:30","slug":"futebol-em-portugal","status":"publish","type":"post","link":"https:\/\/www.dnacidadania.com.br\/antigo\/futebol-em-portugal\/","title":{"rendered":"Como jogar futebol em Portugal"},"content":{"rendered":"<p><span style=\"font-weight: 400;\">Voc\u00ea \u00e9 jogador de futebol e quer jogar bola em Portugal? \u00c9 f\u00e3 de futebol e quer conhecer mais sobre o futebol portugu\u00eas? Ou ainda quer se tornar um atleta aqui no pa\u00eds ib\u00e9rico?<\/span><\/p>\n<p><span style=\"font-weight: 400;\">\u00a0<\/span><span style=\"font-weight: 400;\">Seja l\u00e1 qual for o seu interesse em futebol portugu\u00eas, este texto \u00e9 para voc\u00ea.<\/span><\/p>\n<p><span style=\"font-weight: 400;\">\u00a0<\/span><span style=\"font-weight: 400;\">Vamos explicar tudo sobre o esporte em terra lusitana e te ajudar a conhecer mais e, assim, poder\u00e1 tomar as decis\u00f5es corretas para jogar futebol em Portugal.<\/span><\/p>\n<p><span style=\"font-weight: 400;\">\u00a0<\/span><span style=\"font-weight: 400;\">A fim de facilitar a navega\u00e7\u00e3o, este artigo \u00e9 dividido em quatro principais partes:<\/span><span style=\"font-weight: 400;\">\u00a0<\/span><\/p>\n<ol>\n<li style=\"font-weight: 400;\" aria-level=\"1\"><span style=\"font-weight: 400;\">Como funciona o futebol profissional portugu\u00eas,<\/span><\/li>\n<li style=\"font-weight: 400;\" aria-level=\"1\"><span style=\"font-weight: 400;\">Os principais jogadores portugueses da atualidade,<\/span><\/li>\n<li style=\"font-weight: 400;\" aria-level=\"1\"><span style=\"font-weight: 400;\">Os clubes portugueses da Primeira Liga,<\/span><\/li>\n<li style=\"font-weight: 400;\" aria-level=\"1\"><span style=\"font-weight: 400;\">Como se tornar um jogador profissional e<\/span><\/li>\n<li style=\"font-weight: 400;\" aria-level=\"1\"><span style=\"font-weight: 400;\">Como jogar futebol em Portugal.<\/span><\/li>\n<\/ol>\n<p><span style=\"font-weight: 400;\">\u00a0<\/span><\/p>\n<p><span style=\"font-weight: 400;\">Por isso, continue a ler para aprender sobre o funcionamento do esporte e como jogar futebol profissionalmente em Portugal.<\/span><\/p>\n<p><span style=\"font-weight: 400;\">\u00a0<\/span><\/p>\n<h2><b>Como funciona o futebol profissional em Portugal?<\/b><\/h2>\n<p><span style=\"font-weight: 400;\">\u00a0<\/span><\/p>\n<p><span style=\"font-weight: 400;\">Primeiramente, para jogar futebol em Portugal, conhe\u00e7a sobre o futebol jogado no pa\u00eds. Saiba como ele \u00e9 organizado e os principais times.<\/span><\/p>\n<p><span style=\"font-weight: 400;\">O futebol por aqui \u00e9 dividido em oito divis\u00f5es, mas apenas tr\u00eas s\u00e3o consideradas profissionais.<\/span><\/p>\n<p><span style=\"font-weight: 400;\">\u00a0<\/span><span style=\"font-weight: 400;\">Isso acontece porque os clubes das divis\u00f5es inferiores n\u00e3o t\u00eam muitos recursos e n\u00e3o conseguem firmar contratos profissionais com os jogadores.<\/span><\/p>\n<p><span style=\"font-weight: 400;\">\u00a0<\/span><span style=\"font-weight: 400;\">Em Portugal, os contratos profissionais devem ser feitos para temporada inteira, que vai de setembro a maio do outro ano. Por isso, muitos clubes com baixo or\u00e7amento apenas fecham contratos por campeonatos com os jogadores.<\/span><\/p>\n<p><span style=\"font-weight: 400;\">\u00a0<\/span><span style=\"font-weight: 400;\">As tr\u00eas ligas profissionais s\u00e3o:<\/span><span style=\"font-weight: 400;\">\u00a0<\/span><\/p>\n<ul>\n<li style=\"font-weight: 400;\" aria-level=\"1\"><span style=\"font-weight: 400;\">A Primeira Liga (18 clubes),<\/span><\/li>\n<li style=\"font-weight: 400;\" aria-level=\"1\"><span style=\"font-weight: 400;\">A Segunda Liga (18 equipes) e<\/span><\/li>\n<li style=\"font-weight: 400;\" aria-level=\"1\"><span style=\"font-weight: 400;\">A Terceira Liga (12 clubes).<\/span><\/li>\n<\/ul>\n<p><span style=\"font-weight: 400;\">\u00a0<\/span><\/p>\n<p><span style=\"font-weight: 400;\">O <strong>Campeonato de Portugal,<\/strong> por sua vez, \u00e9 considerado a quarta divis\u00e3o. Possui 96 clubes e \u00e9 dividido em s\u00e9ries que v\u00e3o da A at\u00e9 a H, com 12 equipes cada uma.<\/span><\/p>\n<p><span style=\"font-weight: 400;\">\u00a0<\/span><span style=\"font-weight: 400;\">Por analogia, os campeonatos distritais equivalem aos nossos estaduais. Eles formam mais quatro divis\u00f5es, totalizando, assim, oito divis\u00f5es.<\/span><\/p>\n<p><span style=\"font-weight: 400;\">\u00a0<\/span><span style=\"font-weight: 400;\">O time que ganha o campeonato distrital, como resultado, sobe para a quarta divis\u00e3o.<\/span><\/p>\n<p><span style=\"font-weight: 400;\">\u00a0<\/span><span style=\"font-weight: 400;\">Por fim, os grandes clubes n\u00e3o jogam os campeonatos distritais. Eles disputam apenas os campeonatos mais importantes.<\/span><\/p>\n<p><span style=\"font-weight: 400;\">\u00a0<\/span><\/p>\n<h2><b>A vida de jogador de futebol<\/b><\/h2>\n<p><span style=\"font-weight: 400;\">\u00a0<\/span><\/p>\n<p><span style=\"font-weight: 400;\">Quando pensamos na vida de um jogador de futebol logo imaginamos sal\u00e1rios milion\u00e1rios, fama e vida boa.<\/span><\/p>\n<p><span style=\"font-weight: 400;\">\u00a0<\/span><span style=\"font-weight: 400;\">Entretanto, n\u00e3o \u00e9 bem assim.<\/span><\/p>\n<p><span style=\"font-weight: 400;\">\u00a0<\/span><span style=\"font-weight: 400;\">A vida de um jogador de futebol profissional \u00e9 puxada.<\/span><\/p>\n<p><span style=\"font-weight: 400;\">\u00a0<\/span><span style=\"font-weight: 400;\">Exige empenho, dedica\u00e7\u00e3o e, acima de tudo, muito trabalho como qualquer outra profiss\u00e3o.<\/span><\/p>\n<p><span style=\"font-weight: 400;\">\u00a0<\/span><span style=\"font-weight: 400;\">Futebol \u00e9 coisa s\u00e9ria.<\/span><\/p>\n<p><span style=\"font-weight: 400;\">\u00a0<\/span><span style=\"font-weight: 400;\">H\u00e1 treinos de manh\u00e3 e \u00e0 tarde. Al\u00e9m disso, o jogador deve seguir uma rotina de exerc\u00edcios. Da mesma forma, deve ter dieta regulada, disciplina e acompanhamento com profissionais da sa\u00fade. Tudo isso para manter a forma e o alto desempenho dentro de campo. Al\u00e9m, \u00e9 claro, de um pouco de sorte.<\/span><\/p>\n<p><span style=\"font-weight: 400;\">\u00a0<\/span><span style=\"font-weight: 400;\">Portanto, se seu objetivo \u00e9 jogar futebol em Portugal, vai ter que treinar muito.<\/span><\/p>\n<p><span style=\"font-weight: 400;\">\u00a0<\/span><\/p>\n<h2><b>Principais jogadores portugueses da atualidade<\/b><\/h2>\n<p><span style=\"font-weight: 400;\"><img loading=\"lazy\" decoding=\"async\" class=\"aligncenter wp-image-3575 size-large\" src=\"https:\/\/dnacidadania.com.br\/antigo\/wp-content\/uploads\/2022\/07\/cristiano-ronaldo-1024x576.jpg\" alt=\"Como jogar futebol em Portugal\" width=\"1024\" height=\"576\" srcset=\"https:\/\/www.dnacidadania.com.br\/antigo\/wp-content\/uploads\/2022\/07\/cristiano-ronaldo-1024x576.jpg 1024w, https:\/\/www.dnacidadania.com.br\/antigo\/wp-content\/uploads\/2022\/07\/cristiano-ronaldo-300x169.jpg 300w, https:\/\/www.dnacidadania.com.br\/antigo\/wp-content\/uploads\/2022\/07\/cristiano-ronaldo-768x432.jpg 768w, https:\/\/www.dnacidadania.com.br\/antigo\/wp-content\/uploads\/2022\/07\/cristiano-ronaldo-1536x864.jpg 1536w, https:\/\/www.dnacidadania.com.br\/antigo\/wp-content\/uploads\/2022\/07\/cristiano-ronaldo.jpg 1920w\" sizes=\"auto, (max-width: 1024px) 100vw, 1024px\" \/><\/span><\/p>\n<p>&nbsp;<\/p>\n<p><span style=\"font-weight: 400;\">Listamos os 8 jogadores portugueses mais importantes da atualidade. Dois deles s\u00e3o brasileiros naturalizados portugueses. Eles vieram para c\u00e1 seguir a carreira de jogador e s\u00e3o bem-sucedidos.<\/span><\/p>\n<p><span style=\"font-weight: 400;\">\u00a0<\/span><span style=\"font-weight: 400;\">Conhe\u00e7a agora os oito melhores jogadores portugueses de futebol da atualidade.<\/span><\/p>\n<p><span style=\"font-weight: 400;\">\u00a0<\/span><span style=\"font-weight: 400;\">\u00a0<\/span><span style=\"font-weight: 400;\">\u00a0<\/span><\/p>\n<p><span style=\"font-weight: 400;\"><img loading=\"lazy\" decoding=\"async\" class=\"size-medium wp-image-3571 alignleft\" src=\"https:\/\/dnacidadania.com.br\/antigo\/wp-content\/uploads\/2022\/07\/cristiano-ronaldo-2-200x300.png\" alt=\"Cristiano Ronaldo\" width=\"200\" height=\"300\" srcset=\"https:\/\/www.dnacidadania.com.br\/antigo\/wp-content\/uploads\/2022\/07\/cristiano-ronaldo-2-200x300.png 200w, https:\/\/www.dnacidadania.com.br\/antigo\/wp-content\/uploads\/2022\/07\/cristiano-ronaldo-2.png 220w\" sizes=\"auto, (max-width: 200px) 100vw, 200px\" \/><\/span><\/p>\n<p>&nbsp;<\/p>\n<p><span style=\"font-weight: 400;\">Cristiano Ronaldo<\/span><\/p>\n<p><span style=\"font-weight: 400;\">Idade: 37 anos.<\/span><\/p>\n<p><span style=\"font-weight: 400;\">Posi\u00e7\u00e3o: atacante.<\/span><\/p>\n<p><span style=\"font-weight: 400;\">Clube atual: Manchester United.<\/span><\/p>\n<p>&nbsp;<\/p>\n<p>&nbsp;<\/p>\n<p>&nbsp;<\/p>\n<p>&nbsp;<\/p>\n<p><span style=\"font-weight: 400;\"><img loading=\"lazy\" decoding=\"async\" class=\"size-medium wp-image-3570 alignleft\" src=\"https:\/\/dnacidadania.com.br\/antigo\/wp-content\/uploads\/2022\/07\/bernardo-silva-204x300.jpg\" alt=\"Bernardo Silva\" width=\"204\" height=\"300\" srcset=\"https:\/\/www.dnacidadania.com.br\/antigo\/wp-content\/uploads\/2022\/07\/bernardo-silva-204x300.jpg 204w, https:\/\/www.dnacidadania.com.br\/antigo\/wp-content\/uploads\/2022\/07\/bernardo-silva.jpg 220w\" sizes=\"auto, (max-width: 204px) 100vw, 204px\" \/><\/span><\/p>\n<p>&nbsp;<\/p>\n<p><span style=\"font-weight: 400;\">Bernardo Silva<\/span><\/p>\n<p><span style=\"font-weight: 400;\">Idade: 28 anos.<\/span><\/p>\n<p><span style=\"font-weight: 400;\">Posi\u00e7\u00e3o: meio campo.<\/span><\/p>\n<p><span style=\"font-weight: 400;\">Clube atual: Manchester City.<\/span><\/p>\n<p>&nbsp;<\/p>\n<p>&nbsp;<\/p>\n<p>&nbsp;<\/p>\n<p>&nbsp;<\/p>\n<p><span style=\"font-weight: 400;\"><img loading=\"lazy\" decoding=\"async\" class=\"size-medium wp-image-3569 alignleft\" src=\"https:\/\/dnacidadania.com.br\/antigo\/wp-content\/uploads\/2022\/07\/bruno-fernandes-200x300.jpg\" alt=\"Bruno Fernandes\" width=\"200\" height=\"300\" srcset=\"https:\/\/www.dnacidadania.com.br\/antigo\/wp-content\/uploads\/2022\/07\/bruno-fernandes-200x300.jpg 200w, https:\/\/www.dnacidadania.com.br\/antigo\/wp-content\/uploads\/2022\/07\/bruno-fernandes.jpg 220w\" sizes=\"auto, (max-width: 200px) 100vw, 200px\" \/><\/span><\/p>\n<p>&nbsp;<\/p>\n<p><span style=\"font-weight: 400;\">Bruno Fernandes<\/span><\/p>\n<p><span style=\"font-weight: 400;\">Idade: 27 anos.<\/span><\/p>\n<p><span style=\"font-weight: 400;\">Posi\u00e7\u00e3o: meia atacante.<\/span><\/p>\n<p><span style=\"font-weight: 400;\">Clube atual: Manchester United<\/span><\/p>\n<p><span style=\"font-weight: 400;\">\u00a0<\/span><\/p>\n<p>&nbsp;<\/p>\n<p>&nbsp;<\/p>\n<p>&nbsp;<\/p>\n<p><span style=\"font-weight: 400;\"><img loading=\"lazy\" decoding=\"async\" class=\" wp-image-3568 alignleft\" src=\"https:\/\/dnacidadania.com.br\/antigo\/wp-content\/uploads\/2022\/07\/diogo-jota-272x300.png\" alt=\"Diogo Jota\" width=\"200\" height=\"221\" srcset=\"https:\/\/www.dnacidadania.com.br\/antigo\/wp-content\/uploads\/2022\/07\/diogo-jota-272x300.png 272w, https:\/\/www.dnacidadania.com.br\/antigo\/wp-content\/uploads\/2022\/07\/diogo-jota-927x1024.png 927w, https:\/\/www.dnacidadania.com.br\/antigo\/wp-content\/uploads\/2022\/07\/diogo-jota-768x848.png 768w, https:\/\/www.dnacidadania.com.br\/antigo\/wp-content\/uploads\/2022\/07\/diogo-jota.png 1200w\" sizes=\"auto, (max-width: 200px) 100vw, 200px\" \/><\/span><\/p>\n<p>&nbsp;<\/p>\n<p><span style=\"font-weight: 400;\">Diogo Jota<\/span><\/p>\n<p><span style=\"font-weight: 400;\">Idade: 25 anos.<\/span><\/p>\n<p><span style=\"font-weight: 400;\">Posi\u00e7\u00e3o: Atacante<\/span><\/p>\n<p><span style=\"font-weight: 400;\">Clube atual: Liverpool<\/span><\/p>\n<p><span style=\"font-weight: 400;\">\u00a0<\/span><\/p>\n<p><span style=\"font-weight: 400;\">\u00a0<\/span><span style=\"font-weight: 400;\">\u00a0<\/span><\/p>\n<p><span style=\"font-weight: 400;\"><img loading=\"lazy\" decoding=\"async\" class=\" wp-image-3565 alignleft\" src=\"https:\/\/dnacidadania.com.br\/antigo\/wp-content\/uploads\/2022\/07\/otavio-240x300.png\" alt=\"Otavio\" width=\"206\" height=\"258\" srcset=\"https:\/\/www.dnacidadania.com.br\/antigo\/wp-content\/uploads\/2022\/07\/otavio-240x300.png 240w, https:\/\/www.dnacidadania.com.br\/antigo\/wp-content\/uploads\/2022\/07\/otavio.png 400w\" sizes=\"auto, (max-width: 206px) 100vw, 206px\" \/><\/span><\/p>\n<p>&nbsp;<\/p>\n<p><span style=\"font-weight: 400;\">Ot\u00e1vio (brasileiro naturalizado portugu\u00eas)<\/span><\/p>\n<p><span style=\"font-weight: 400;\">Idade: 27 anos<\/span><\/p>\n<p><span style=\"font-weight: 400;\">Posi\u00e7\u00e3o: meia atacante<\/span><\/p>\n<p><span style=\"font-weight: 400;\">Clube atual: Porto<\/span><\/p>\n<p><span style=\"font-weight: 400;\">\u00a0<\/span><\/p>\n<p><span style=\"font-weight: 400;\">\u00a0<\/span><\/p>\n<p><span style=\"font-weight: 400;\">\u00a0<\/span><span style=\"font-weight: 400;\">\u00a0<\/span><\/p>\n<p><span style=\"font-weight: 400;\"><img loading=\"lazy\" decoding=\"async\" class=\"size-medium wp-image-3564 alignleft\" src=\"https:\/\/dnacidadania.com.br\/antigo\/wp-content\/uploads\/2022\/07\/joao-moutinho-212x300.jpg\" alt=\"Jo\u00e3o Moutinho\" width=\"212\" height=\"300\" srcset=\"https:\/\/www.dnacidadania.com.br\/antigo\/wp-content\/uploads\/2022\/07\/joao-moutinho-212x300.jpg 212w, https:\/\/www.dnacidadania.com.br\/antigo\/wp-content\/uploads\/2022\/07\/joao-moutinho.jpg 464w\" sizes=\"auto, (max-width: 212px) 100vw, 212px\" \/><\/span><\/p>\n<p>&nbsp;<\/p>\n<p><span style=\"font-weight: 400;\">Jo\u00e3o Moutinho<\/span><\/p>\n<p><span style=\"font-weight: 400;\">Idade: 36 anos.<\/span><\/p>\n<p><span style=\"font-weight: 400;\">Posi\u00e7\u00e3o: meio de campo.<\/span><\/p>\n<p><span style=\"font-weight: 400;\">Clube atual: Wolverhampton Wanderers.<\/span><\/p>\n<p><span style=\"font-weight: 400;\">\u00a0<\/span><\/p>\n<p><span style=\"font-weight: 400;\">\u00a0<\/span><\/p>\n<p><span style=\"font-weight: 400;\">\u00a0<\/span><\/p>\n<p><span style=\"font-weight: 400;\">\u00a0<\/span><\/p>\n<p><span style=\"font-weight: 400;\"><img loading=\"lazy\" decoding=\"async\" class=\"size-medium wp-image-3563 alignleft\" src=\"https:\/\/dnacidadania.com.br\/antigo\/wp-content\/uploads\/2022\/07\/pepe-200x300.jpg\" alt=\"Pepe\" width=\"200\" height=\"300\" srcset=\"https:\/\/www.dnacidadania.com.br\/antigo\/wp-content\/uploads\/2022\/07\/pepe-200x300.jpg 200w, https:\/\/www.dnacidadania.com.br\/antigo\/wp-content\/uploads\/2022\/07\/pepe.jpg 320w\" sizes=\"auto, (max-width: 200px) 100vw, 200px\" \/><\/span><\/p>\n<p>&nbsp;<\/p>\n<p><span style=\"font-weight: 400;\">Pepe (brasileiro naturalizado portugu\u00eas)<\/span><\/p>\n<p><span style=\"font-weight: 400;\">Idade: 39 anos.<\/span><\/p>\n<p><span style=\"font-weight: 400;\">Posi\u00e7\u00e3o: zagueiro.<\/span><\/p>\n<p><span style=\"font-weight: 400;\">Clube atual: Porto.<\/span><\/p>\n<p><span style=\"font-weight: 400;\">\u00a0<\/span><\/p>\n<p><span style=\"font-weight: 400;\">\u00a0<\/span><\/p>\n<p><span style=\"font-weight: 400;\">\u00a0<\/span><span style=\"font-weight: 400;\">\u00a0<\/span><\/p>\n<p><span style=\"font-weight: 400;\">\u00a0<\/span><\/p>\n<p><span style=\"font-weight: 400;\"><img loading=\"lazy\" decoding=\"async\" class=\"size-medium wp-image-3567 alignleft\" src=\"https:\/\/dnacidadania.com.br\/antigo\/wp-content\/uploads\/2022\/07\/diogo-costa-207x300.jpg\" alt=\"Diogo Costa\" width=\"207\" height=\"300\" srcset=\"https:\/\/www.dnacidadania.com.br\/antigo\/wp-content\/uploads\/2022\/07\/diogo-costa-207x300.jpg 207w, https:\/\/www.dnacidadania.com.br\/antigo\/wp-content\/uploads\/2022\/07\/diogo-costa.jpg 330w\" sizes=\"auto, (max-width: 207px) 100vw, 207px\" \/><\/span><\/p>\n<p>&nbsp;<\/p>\n<p><span style=\"font-weight: 400;\">Diogo Costa<\/span><\/p>\n<p><span style=\"font-weight: 400;\">Idade: 22 anos.<\/span><\/p>\n<p><span style=\"font-weight: 400;\">Posi\u00e7\u00e3o: goleiro.<\/span><\/p>\n<p><span style=\"font-weight: 400;\">Clube atual: Porto<\/span><\/p>\n<p><span style=\"font-weight: 400;\">\u00a0<\/span><\/p>\n<h2><b>\u00a0<\/b><\/h2>\n<p><span style=\"font-weight: 400;\">\u00a0<\/span><\/p>\n<h2><\/h2>\n<h2><b>Times da primeira divis\u00e3o da temporada 2021-2022<\/b><\/h2>\n<p><span style=\"font-weight: 400;\">\u00a0<\/span><\/p>\n<p><span style=\"font-weight: 400;\">Se voc\u00ea pretende vir a Portugal jogar futebol, ent\u00e3o, \u00e9 bom conhecer os clubes e como contat\u00e1-los para um poss\u00edvel teste.<\/span><\/p>\n<p><span style=\"font-weight: 400;\">\u00a0<\/span><span style=\"font-weight: 400;\">Al\u00e9m disso, \u00e9 importante dizer que aqui em Portugal, o <\/span><b>futebol de forma\u00e7\u00e3o<\/b><span style=\"font-weight: 400;\"> se refere \u00e0s categorias de base dos clubes.<\/span><\/p>\n<p><span style=\"font-weight: 400;\">J\u00e1 a <\/span><b>acredita\u00e7\u00e3o<\/b><span style=\"font-weight: 400;\"> \u00e9 o teste, a famosa peneira, para buscar novos jogadores para a equipe de juniores. Acredita\u00e7\u00e3o \u00e9 uma palavra nova para n\u00f3s brasileiros e, de acordo com<\/span><a href=\"https:\/\/dicionario.priberam.org\/acredita%C3%A7%C3%A3o\"> <span style=\"font-weight: 400;\">Dicion\u00e1rio Priberam<\/span><\/a><span style=\"font-weight: 400;\">, significa:<\/span><span style=\"font-weight: 400;\">\u00a0<\/span><\/p>\n<ol>\n<li style=\"font-weight: 400;\" aria-level=\"1\"><span style=\"font-weight: 400;\">Reconhecimento oficial de uma pessoa ou entidade para o desempenho ou realiza\u00e7\u00e3o de algo.<\/span><\/li>\n<li style=\"font-weight: 400;\" aria-level=\"1\"><span style=\"font-weight: 400;\">Autoriza\u00e7\u00e3o para o exerc\u00edcio de uma atividade.<\/span><\/li>\n<\/ol>\n<p><span style=\"font-weight: 400;\">\u00a0<\/span><\/p>\n<h2><b>Os Tr\u00eas Grandes<\/b><\/h2>\n<p><span style=\"font-weight: 400;\">\u00a0<\/span><\/p>\n<p><span style=\"font-weight: 400;\">Os principais clubes portugueses s\u00e3o tr\u00eas:<\/span><span style=\"font-weight: 400;\">\u00a0<\/span><\/p>\n<ul>\n<li style=\"font-weight: 400;\" aria-level=\"1\"><span style=\"font-weight: 400;\">Sport Lisboa e Benfica,<\/span><\/li>\n<li style=\"font-weight: 400;\" aria-level=\"1\"><span style=\"font-weight: 400;\">Futebol Clube do Porto e<\/span><\/li>\n<li style=\"font-weight: 400;\" aria-level=\"1\"><span style=\"font-weight: 400;\">Sporting Clube de Portugal.<\/span><\/li>\n<\/ul>\n<p><span style=\"font-weight: 400;\">\u00a0<\/span><\/p>\n<p><span style=\"font-weight: 400;\">Eles sempre estiveram na divis\u00e3o principal e rivalizam entre eles. S\u00e3o conhecidos como os \u201cTr\u00eas Grandes\u201d de Portugal.<\/span><\/p>\n<p><span style=\"font-weight: 400;\">\u00a0<\/span><span style=\"font-weight: 400;\">Esses tr\u00eas clubes se alternam como campe\u00f5es da Primeira Liga. Os \u00fanicos campe\u00f5es al\u00e9m desses tr\u00eas s\u00e3o o Boavista Futebol Clube e o Clube de Futebol &#8220;Os Belenenses&#8221;, que atualmente disputa a Terceira Liga.<\/span><\/p>\n<p><span style=\"font-weight: 400;\">\u00a0<\/span><span style=\"font-weight: 400;\">A seguir, vamos listar todos os clubes portugueses em ordem alfab\u00e9tica.<\/span><\/p>\n<p><span style=\"font-weight: 400;\">\u00a0<\/span><\/p>\n<h2><b><img loading=\"lazy\" decoding=\"async\" class=\"size-full wp-image-3581 alignleft\" src=\"https:\/\/dnacidadania.com.br\/antigo\/wp-content\/uploads\/2022\/07\/arouca.png\" alt=\"\" width=\"200\" height=\"200\" srcset=\"https:\/\/www.dnacidadania.com.br\/antigo\/wp-content\/uploads\/2022\/07\/arouca.png 200w, https:\/\/www.dnacidadania.com.br\/antigo\/wp-content\/uploads\/2022\/07\/arouca-150x150.png 150w\" sizes=\"auto, (max-width: 200px) 100vw, 200px\" \/>Futebol Clube de Arouca<\/b><\/h2>\n<p><span style=\"font-weight: 400;\">\u00a0<\/span><\/p>\n<p><span style=\"font-weight: 400;\">O <\/span><b>Futebol Clube de Arouca<\/b><span style=\"font-weight: 400;\">, tamb\u00e9m conhecido simplesmente como <\/span><b>Arouca<\/b><span style=\"font-weight: 400;\">, \u00e9 um time da cidade de Arouca, regi\u00e3o metropolitana do Porto. Ele foi fundado em 25 de dezembro de 1952.<\/span><\/p>\n<p><span style=\"font-weight: 400;\">\u00a0<\/span><span style=\"font-weight: 400;\">O Arouca manda os seus jogos no Est\u00e1dio Municipal de Arouca, situado no Vale do Rio Arda, na Vila de Arouca.<\/span><\/p>\n<p><span style=\"font-weight: 400;\">\u00a0<\/span><span style=\"font-weight: 400;\">O atual presidente do Arouca \u00e9 Carlos Pinho. Por fim, Armando Evangelista \u00e9 o t\u00e9cnico da equipe.<\/span><\/p>\n<p><span style=\"font-weight: 400;\">\u00a0<\/span><span style=\"font-weight: 400;\">Infelizmente, no momento desta publica\u00e7\u00e3o, o site se encontra fora do ar e por isso n\u00e3o conseguimos os contatos do clube.<\/span><\/p>\n<p><span style=\"font-weight: 400;\">\u00a0<\/span><\/p>\n<h3><b>T\u00edtulos<\/b><\/h3>\n<p><span style=\"font-weight: 400;\">\u00a0<\/span><\/p>\n<table>\n<tbody>\n<tr>\n<td><b>Campeonato<\/b><\/td>\n<td><b>Quantidade<\/b><\/td>\n<td><b>Anos<\/b><\/td>\n<\/tr>\n<tr>\n<td><span style=\"font-weight: 400;\">Liguilha I &#8211; Campe\u00e3o da Segunda Divis\u00e3o da temporada<\/span><\/td>\n<td style=\"text-align: center;\"><span style=\"font-weight: 400;\">1<\/span><\/td>\n<td><span style=\"font-weight: 400;\">2020-2021<\/span><\/td>\n<\/tr>\n<tr>\n<td><span style=\"font-weight: 400;\">Campe\u00e3o da Segunda Divis\u00e3o N\u00edvel 3<\/span><\/td>\n<td style=\"text-align: center;\"><span style=\"font-weight: 400;\">1<\/span><\/td>\n<td><span style=\"font-weight: 400;\">2009-2010<\/span><\/td>\n<\/tr>\n<tr>\n<td><span style=\"font-weight: 400;\">Campe\u00e3o da Terceira Divis\u00e3o Nacional N\u00edvel 4<\/span><\/td>\n<td style=\"text-align: center;\"><span style=\"font-weight: 400;\">2<\/span><\/td>\n<td><span style=\"font-weight: 400;\">2007-2008, 2007- 2008<\/span><\/td>\n<\/tr>\n<tr>\n<td><span style=\"font-weight: 400;\">AF Aveiro Campeonato de elite<\/span><\/td>\n<td style=\"text-align: center;\"><span style=\"font-weight: 400;\">2<\/span><\/td>\n<td><span style=\"font-weight: 400;\">2002-2003, 2006-2007<\/span><\/td>\n<\/tr>\n<tr>\n<td><span style=\"font-weight: 400;\">AF Aveiro Primeira Divis\u00e3o<\/span><\/td>\n<td style=\"text-align: center;\"><span style=\"font-weight: 400;\">2<\/span><\/td>\n<td><span style=\"font-weight: 400;\">1979-1980, 1986-1987<\/span><\/td>\n<\/tr>\n<tr>\n<td><span style=\"font-weight: 400;\">AF Aveiro Superta\u00e7a<\/span><\/td>\n<td style=\"text-align: center;\"><span style=\"font-weight: 400;\">1<\/span><\/td>\n<td><span style=\"font-weight: 400;\">2006-2007<\/span><\/td>\n<\/tr>\n<\/tbody>\n<\/table>\n<p><span style=\"font-weight: 400;\">\u00a0<\/span><\/p>\n<h2><b><img loading=\"lazy\" decoding=\"async\" class=\"size-medium wp-image-3582 alignleft\" src=\"https:\/\/dnacidadania.com.br\/antigo\/wp-content\/uploads\/2022\/07\/benfica-300x297.png\" alt=\"\" width=\"300\" height=\"297\" srcset=\"https:\/\/www.dnacidadania.com.br\/antigo\/wp-content\/uploads\/2022\/07\/benfica-300x297.png 300w, https:\/\/www.dnacidadania.com.br\/antigo\/wp-content\/uploads\/2022\/07\/benfica-150x150.png 150w, https:\/\/www.dnacidadania.com.br\/antigo\/wp-content\/uploads\/2022\/07\/benfica.png 500w\" sizes=\"auto, (max-width: 300px) 100vw, 300px\" \/>Sport Lisboa e Benfica<\/b><\/h2>\n<p><span style=\"font-weight: 400;\">\u00a0<\/span><\/p>\n<p><span style=\"font-weight: 400;\">O <\/span><b>Sport Lisboa e Benfica<\/b><span style=\"font-weight: 400;\">, mais conhecido como Benfica, \u00e9 um dos tr\u00eas grandes times de Portugal. Foi fundado em 28 de fevereiro de 1904 e est\u00e1 situado na freguesia de S\u00e3o Domingos de Benfica, na cidade de Lisboa.<\/span><\/p>\n<p><span style=\"font-weight: 400;\">\u00a0<\/span><span style=\"font-weight: 400;\">O Sport Lisboa e Benfica tem o Est\u00e1dio da Luz como casa e o seu presidente se chama Rui Costa. O alem\u00e3o Roger Schmidt \u00e9 o atual treinador.\u00a0<\/span><\/p>\n<p><span style=\"font-weight: 400;\">\u00a0<\/span><\/p>\n<h3><b>T\u00edtulos<\/b><\/h3>\n<p><span style=\"font-weight: 400;\">\u00a0<\/span><\/p>\n<table>\n<tbody>\n<tr>\n<td colspan=\"3\"><b>Europeus<\/b><\/td>\n<\/tr>\n<tr>\n<td><b>Campeonato<\/b><\/td>\n<td><b>Quantidade<\/b><\/td>\n<td><b>Anos<\/b><\/td>\n<\/tr>\n<tr>\n<td><span style=\"font-weight: 400;\">Liga dos Campe\u00f5es<\/span><\/td>\n<td style=\"text-align: center;\"><span style=\"font-weight: 400;\">2<\/span><\/td>\n<td><span style=\"font-weight: 400;\">1960-1961, 1961-1962.<\/span><\/td>\n<\/tr>\n<tr>\n<td colspan=\"3\"><b>Nacionais<\/b><\/td>\n<\/tr>\n<tr>\n<td><span style=\"font-weight: 400;\">Primeira Liga<\/span><\/td>\n<td style=\"text-align: center;\"><span style=\"font-weight: 400;\">37<\/span><\/td>\n<td><span style=\"font-weight: 400;\">1935-1936, 1936-1937, 1937-1938, 1941-1942, 1942-1943, 1944-1945, 1949-1950, 1954-1955, 1956-1957, 1959-1960, 1960-1961, 1962-1963, 1963-1964, 1964-1965, 1966-1967, 1967-1968, 1968-1969, 1970-1971, 1971-1972, 1972-1973, 1974-1975, 1975-1976, 1976-1977, 198-1981, 1982-1983, 1983-1984, 1986-1987, 1988-1989, 1990-1991, 1993-1994, 2004-2005, 2009-2010, 2013-2014, 2014-2015, 2015-2016, 2016-2017, 2018-2019.<\/span><\/td>\n<\/tr>\n<tr>\n<td><span style=\"font-weight: 400;\">Campeonato de Portugal<\/span><\/td>\n<td style=\"text-align: center;\"><span style=\"font-weight: 400;\">3<\/span><\/td>\n<td><span style=\"font-weight: 400;\">1929-1930, 1930-1931, 1934-1935.<\/span><\/td>\n<\/tr>\n<tr>\n<td><span style=\"font-weight: 400;\">Ta\u00e7a de Portugal<\/span><\/td>\n<td style=\"text-align: center;\"><span style=\"font-weight: 400;\">26<\/span><\/td>\n<td><span style=\"font-weight: 400;\">1939-1940, 1942-1943, 1943-1944, 1948-1949, 1950-1951, 1951-1952, 1952-1953, 1954-1955, 1956-1957, 1958-1959, 1961-1962, 1963-1964, 1968-1969, 1969-1970, 1971-1972, 1979-1980, 1980-1981, 1982-1983, 1984-1985, 1985-1986, 1986-1987, 1992-1993, 1995-1996, 2003-1904, 2013-1914, 2016-1917.<\/span><\/td>\n<\/tr>\n<tr>\n<td><span style=\"font-weight: 400;\">Ta\u00e7a da Liga<\/span><\/td>\n<td style=\"text-align: center;\"><span style=\"font-weight: 400;\">7<\/span><\/td>\n<td><span style=\"font-weight: 400;\">2008-2009, 2009-2010, 2010-2011, 2011-2012, 2013-2014, 2014-2015, 2015-2016.<\/span><\/td>\n<\/tr>\n<tr>\n<td><span style=\"font-weight: 400;\">Superta\u00e7a C\u00e2ndido de Oliveira<\/span><\/td>\n<td style=\"text-align: center;\"><span style=\"font-weight: 400;\">8<\/span><\/td>\n<td><span style=\"font-weight: 400;\">1980, 1985, 1989, 2005, 2014, 2016, 2017, 2019.<\/span><\/td>\n<\/tr>\n<\/tbody>\n<\/table>\n<p><span style=\"font-weight: 400;\">\u00a0<\/span><\/p>\n<h2><b><img loading=\"lazy\" decoding=\"async\" class=\"size-medium wp-image-3583 alignleft\" src=\"https:\/\/dnacidadania.com.br\/antigo\/wp-content\/uploads\/2022\/07\/boavista-288x300.png\" alt=\"\" width=\"288\" height=\"300\" srcset=\"https:\/\/www.dnacidadania.com.br\/antigo\/wp-content\/uploads\/2022\/07\/boavista-288x300.png 288w, https:\/\/www.dnacidadania.com.br\/antigo\/wp-content\/uploads\/2022\/07\/boavista.png 480w\" sizes=\"auto, (max-width: 288px) 100vw, 288px\" \/>Boavista Futebol Clube<\/b><\/h2>\n<p><span style=\"font-weight: 400;\">\u00a0<\/span><\/p>\n<p><span style=\"font-weight: 400;\">O <\/span><b>Boavista Futebol Clube<\/b><span style=\"font-weight: 400;\"> \u00e9 da cidade do Porto.<\/span><\/p>\n<p><span style=\"font-weight: 400;\">\u00a0<\/span><span style=\"font-weight: 400;\">Foi fundado em 1.\u00ba de agosto de 1903.<\/span><\/p>\n<p><span style=\"font-weight: 400;\">\u00a0<\/span><span style=\"font-weight: 400;\">\u00c9 o quarto clube com mais t\u00edtulos nacionais no futebol profissional, com uma Primeira Liga, cinco Ta\u00e7as de Portugal e tr\u00eas Superta\u00e7as. Sendo assim, ele rivaliza com os tr\u00eas grandes do pa\u00eds.<\/span><\/p>\n<p><span style=\"font-weight: 400;\">\u00a0<\/span><span style=\"font-weight: 400;\">O est\u00e1dio do Boavista Futebol Clube se chama Est\u00e1dio do Bessa S\u00e9culo XXI.<\/span><\/p>\n<p><span style=\"font-weight: 400;\">\u00a0<\/span><span style=\"font-weight: 400;\">O clube foi vendido ao investidor hispano-luxemburgu\u00eas em 2020 e o processo de transa\u00e7\u00e3o ainda se encontra em curso.\u00a0<\/span><\/p>\n<p><span style=\"font-weight: 400;\">\u00a0<\/span><span style=\"font-weight: 400;\">O presidente se chama Vitor Jorge Fonseca Murta e o atual t\u00e9cnico \u00e9 Armando Gon\u00e7alves Teixeira.<\/span><\/p>\n<p><span style=\"font-weight: 400;\">\u00a0<\/span><\/p>\n<h3><b>T\u00edtulos<\/b><\/h3>\n<p><span style=\"font-weight: 400;\">\u00a0<\/span><\/p>\n<table>\n<tbody>\n<tr>\n<td><b>Campeonatos<\/b><\/td>\n<td><b>Quantidade<\/b><\/td>\n<td><b>Anos<\/b><\/td>\n<\/tr>\n<tr>\n<td><span style=\"font-weight: 400;\">Primeira Liga<\/span><\/td>\n<td style=\"text-align: center;\"><span style=\"font-weight: 400;\">1<\/span><\/td>\n<td><span style=\"font-weight: 400;\">2000-2001.<\/span><\/td>\n<\/tr>\n<tr>\n<td><span style=\"font-weight: 400;\">Ta\u00e7a de Portugal<\/span><\/td>\n<td style=\"text-align: center;\"><span style=\"font-weight: 400;\">5<\/span><\/td>\n<td><span style=\"font-weight: 400;\">1974-1975, 1975-1976, 1978-1979, 1991-1992 e 1996-1997.<\/span><\/td>\n<\/tr>\n<tr>\n<td><span style=\"font-weight: 400;\">Superta\u00e7a C\u00e2ndido de Oliveira<\/span><\/td>\n<td style=\"text-align: center;\"><span style=\"font-weight: 400;\">3<\/span><\/td>\n<td><span style=\"font-weight: 400;\">1979, 1992 e 1997.<\/span><\/td>\n<\/tr>\n<tr>\n<td><span style=\"font-weight: 400;\">Segunda Divis\u00e3o<\/span><\/td>\n<td style=\"text-align: center;\"><span style=\"font-weight: 400;\">2<\/span><\/td>\n<td><span style=\"font-weight: 400;\">1936-1937, 1949-1950.<\/span><\/td>\n<\/tr>\n<\/tbody>\n<\/table>\n<p><span style=\"font-weight: 400;\">\u00a0<\/span><\/p>\n<h3><b>Contatos<\/b><\/h3>\n<p><span style=\"font-weight: 400;\">\u00a0<\/span><\/p>\n<p><b>Endere\u00e7o: <\/b><span style=\"font-weight: 400;\">Rua O Primeiro de Janeiro \u2014 Est\u00e1dio do Bessa S\u00e9culo XXI, 4100 Porto.<\/span><\/p>\n<p><b>E-mail:<\/b><span style=\"font-weight: 400;\"> rp@boavistafc.pt<\/span><\/p>\n<p><b>Telefone:<\/b><span style=\"font-weight: 400;\"> (+351) 226 071 010<\/span><\/p>\n<p><span style=\"font-weight: 400;\">\u00a0<\/span><\/p>\n<p><b>Secretaria e bilheteria<\/b><\/p>\n<p><b>E-mail:<\/b><span style=\"font-weight: 400;\"> secretaria@boavistafc.pt<\/span><\/p>\n<p><b>Telefone: <\/b><span style=\"font-weight: 400;\">(+351) 226 071 024<\/span><\/p>\n<p><span style=\"font-weight: 400;\">\u00a0<\/span><\/p>\n<h2><b>Acredita\u00e7\u00f5es do Boavista<\/b><\/h2>\n<p><span style=\"font-weight: 400;\">\u00a0<\/span><\/p>\n<p><b>Imprensa: <\/b><span style=\"font-weight: 400;\">futebolpress@boavistafc.pt<\/span><\/p>\n<p><b>Clubes\/SADs e agentes desportivos: <\/b><span style=\"font-weight: 400;\">rp@boavistafc.pt (pedidos at\u00e9 48 horas antes da hora do jogo)<\/span><\/p>\n<p><span style=\"font-weight: 400;\">\u00a0<\/span><\/p>\n<h2><b><img loading=\"lazy\" decoding=\"async\" class=\"size-medium wp-image-3584 alignleft\" src=\"https:\/\/dnacidadania.com.br\/antigo\/wp-content\/uploads\/2022\/07\/braga-253x300.png\" alt=\"\" width=\"253\" height=\"300\" srcset=\"https:\/\/www.dnacidadania.com.br\/antigo\/wp-content\/uploads\/2022\/07\/braga-253x300.png 253w, https:\/\/www.dnacidadania.com.br\/antigo\/wp-content\/uploads\/2022\/07\/braga.png 422w\" sizes=\"auto, (max-width: 253px) 100vw, 253px\" \/>Sporting Clube de Braga<\/b><\/h2>\n<p><span style=\"font-weight: 400;\">\u00a0<\/span><\/p>\n<p><span style=\"font-weight: 400;\">O <\/span><b>Sporting Clube de Braga<\/b><span style=\"font-weight: 400;\"> foi fundado em 19 de janeiro de 1921 e \u00e9 o sexto clube com mais t\u00edtulos de futebol em Portugal. Ele est\u00e1 situado na cidade de Braga.<\/span><\/p>\n<p><span style=\"font-weight: 400;\">\u00a0<\/span><span style=\"font-weight: 400;\">O Est\u00e1dio Municipal de Braga \u00e9 onde o time braguista manda seus jogos.<\/span><\/p>\n<p><span style=\"font-weight: 400;\">\u00a0<\/span><span style=\"font-weight: 400;\">O presidente \u00e9 Ant\u00f3nio Salvador e o atual treinador \u00e9 Artur Jorge.<\/span><\/p>\n<p><span style=\"font-weight: 400;\">\u00a0<\/span><\/p>\n<h3><b>T\u00edtulos<\/b><\/h3>\n<p><span style=\"font-weight: 400;\">\u00a0<\/span><\/p>\n<table>\n<tbody>\n<tr>\n<td><b>Campeonatos<\/b><\/td>\n<td><b>Quantidade<\/b><\/td>\n<td><b>Anos<\/b><\/td>\n<\/tr>\n<tr>\n<td style=\"text-align: center;\" colspan=\"3\"><b>Continental<\/b><\/td>\n<\/tr>\n<tr>\n<td><span style=\"font-weight: 400;\">Ta\u00e7a Intertoto da UEFA<\/span><\/td>\n<td style=\"text-align: center;\"><span style=\"font-weight: 400;\">1<\/span><\/td>\n<td><span style=\"font-weight: 400;\">2008<\/span><\/td>\n<\/tr>\n<tr>\n<td style=\"text-align: center;\" colspan=\"3\"><b>Nacionais<\/b><\/td>\n<\/tr>\n<tr>\n<td><span style=\"font-weight: 400;\">Ta\u00e7a de Portugal<\/span><\/td>\n<td style=\"text-align: center;\"><span style=\"font-weight: 400;\">2<\/span><\/td>\n<td><span style=\"font-weight: 400;\">1965-1966, 2015-1916 e 2020-1921<\/span><\/td>\n<\/tr>\n<tr>\n<td><span style=\"font-weight: 400;\">Ta\u00e7a da Liga<\/span><\/td>\n<td style=\"text-align: center;\"><span style=\"font-weight: 400;\">2<\/span><\/td>\n<td><span style=\"font-weight: 400;\">2012-2013 e 2019-2020<\/span><\/td>\n<\/tr>\n<tr>\n<td><span style=\"font-weight: 400;\">Ta\u00e7a Federa\u00e7\u00e3o Portuguesa de Futebol<\/span><\/td>\n<td style=\"text-align: center;\"><span style=\"font-weight: 400;\">1<\/span><\/td>\n<td><span style=\"font-weight: 400;\">1976-1977<\/span><\/td>\n<\/tr>\n<tr>\n<td><span style=\"font-weight: 400;\">Segunda Divis\u00e3o<\/span><\/td>\n<td style=\"text-align: center;\"><span style=\"font-weight: 400;\">2<\/span><\/td>\n<td><span style=\"font-weight: 400;\">1946-1947 e 1963-1964<\/span><\/td>\n<\/tr>\n<tr>\n<td style=\"text-align: center;\" colspan=\"3\"><b>Regionais<\/b><\/td>\n<\/tr>\n<tr>\n<td><span style=\"font-weight: 400;\">Campeonato de Braga<\/span><\/td>\n<td style=\"text-align: center;\"><span style=\"font-weight: 400;\">12<\/span><\/td>\n<td><span style=\"font-weight: 400;\">1922-1923, 1923-1924, 1924-1925, 1925-1926, 1926-1927, 1927-1928, 1928-1929, 1929-1930, 1930-1931, 1931-1932, 1932-1933, 1934-1935<\/span><\/td>\n<\/tr>\n<tr>\n<td><span style=\"font-weight: 400;\">Ta\u00e7a de Honra de Braga<\/span><\/td>\n<td style=\"text-align: center;\"><span style=\"font-weight: 400;\">3<\/span><\/td>\n<td><span style=\"font-weight: 400;\">1979-1980, 1984-1985, 1985-1986<\/span><\/td>\n<\/tr>\n<tr>\n<td><span style=\"font-weight: 400;\">AF Braga Torneio de Abertura<\/span><\/td>\n<td style=\"text-align: center;\"><span style=\"font-weight: 400;\">2<\/span><\/td>\n<td><span style=\"font-weight: 400;\">1983-1984, 1985-1986<\/span><\/td>\n<\/tr>\n<\/tbody>\n<\/table>\n<p><span style=\"font-weight: 400;\">\u00a0<\/span><\/p>\n<h3><b>Contatos<\/b><\/h3>\n<p><span style=\"font-weight: 400;\">\u00a0<\/span><\/p>\n<p><b>Site:<\/b><a href=\"https:\/\/scbraga.pt\/\"> <span style=\"font-weight: 400;\">scbraga.pt<\/span><\/a><\/p>\n<p><b>Endere\u00e7o: <\/b><span style=\"font-weight: 400;\">Parque Norte, Montecastro 12; 4700-087 Braga<\/span><\/p>\n<p><b>Telefone:<\/b><span style=\"font-weight: 400;\"> (+351) 253 206 860<\/span><\/p>\n<p><b>E-mail:<\/b><span style=\"font-weight: 400;\"> mail@scbraga.pt<\/span><\/p>\n<p><b>E-mail para visita\u00e7\u00e3o: <\/b><span style=\"font-weight: 400;\">visitas@scbraga.pt<\/span><\/p>\n<p><span style=\"font-weight: 400;\">\u00a0<\/span><\/p>\n<h3><b>Acredita\u00e7\u00f5es do Braga<\/b><\/h3>\n<p><span style=\"font-weight: 400;\">\u00a0<\/span><\/p>\n<h4><b>Escola de Futebol Gverreiros do Futuro \u2013 Braga<\/b><\/h4>\n<p><span style=\"font-weight: 400;\">\u00a0<\/span><\/p>\n<p><span style=\"font-weight: 400;\">A Escola de Futebol Gverreiros do Futuro \u00e9 a escola de forma\u00e7\u00e3o de novos jogadores do Braga.<\/span><\/p>\n<p><span style=\"font-weight: 400;\">\u00a0<\/span><b>Cidade: <\/b><span style=\"font-weight: 400;\">Dume, Braga<\/span><\/p>\n<p><b>Contato:<\/b><span style=\"font-weight: 400;\"> (+351) 938 560 281<\/span><\/p>\n<p><b>Clube associado:<\/b><span style=\"font-weight: 400;\"> Sporting Clube de Braga<\/span><\/p>\n<p><b>Endere\u00e7o:<\/b><span style=\"font-weight: 400;\">\u00a0 Rua de Cabanas, Dume<\/span><\/p>\n<p><span style=\"font-weight: 400;\">\u00a0<\/span><\/p>\n<h4><b>Centro de Treino e Forma\u00e7\u00e3o Gverreiros do Futuro \u2013 Palmeira<\/b><\/h4>\n<p><span style=\"font-weight: 400;\">\u00a0<\/span><\/p>\n<p><b>Cidade:<\/b><span style=\"font-weight: 400;\"> Palmeira, Braga<\/span><\/p>\n<p><b>Contacto:<\/b><span style=\"font-weight: 400;\"> (+351) 938 854 084<\/span><\/p>\n<p><b>Clube associado: <\/b><span style=\"font-weight: 400;\">Sporting Clube de Braga \/ Palmeiras Futebol Clube<\/span><\/p>\n<p><b>Endere\u00e7o:<\/b><span style=\"font-weight: 400;\"> Campo do Futebol do Palmeiras \u2013 Rua da Eira Vedra, Palmeira\u00a0<\/span><\/p>\n<p><span style=\"font-weight: 400;\">\u00a0<\/span><\/p>\n<p><span style=\"font-weight: 400;\">O SC Braga ainda tem mais uma por\u00e7\u00e3o de contatos relacionados \u00e0 escola de futebol e \u00e0 forma\u00e7\u00e3o de jogadores. Para acessar, basta entrar neste<\/span><a href=\"https:\/\/scbraga.pt\/gverreiros-do-futuro\/\"> <span style=\"font-weight: 400;\">link<\/span><\/a><span style=\"font-weight: 400;\">.<\/span><\/p>\n<p><span style=\"font-weight: 400;\">\u00a0<\/span><\/p>\n<h2><b> <img loading=\"lazy\" decoding=\"async\" class=\"size-medium wp-image-3585 alignleft\" src=\"https:\/\/dnacidadania.com.br\/antigo\/wp-content\/uploads\/2022\/07\/b-sad-211x300.png\" alt=\"\" width=\"211\" height=\"300\" srcset=\"https:\/\/www.dnacidadania.com.br\/antigo\/wp-content\/uploads\/2022\/07\/b-sad-211x300.png 211w, https:\/\/www.dnacidadania.com.br\/antigo\/wp-content\/uploads\/2022\/07\/b-sad.png 236w\" sizes=\"auto, (max-width: 211px) 100vw, 211px\" \/>B-SAD<\/b><\/h2>\n<p><span style=\"font-weight: 400;\">\u00a0<\/span><\/p>\n<p><span style=\"font-weight: 400;\">A <\/span><b>B-SAD<\/b><span style=\"font-weight: 400;\"> \u00e9 uma sociedade de futebol profissional de Oeiras. A <\/span><b>Sociedade An\u00f3nima Desportiva<\/b><span style=\"font-weight: 400;\"> se originou a partir do Clube de Futebol \u201cOs Belenenses\u201d.<\/span><\/p>\n<p><span style=\"font-weight: 400;\">\u00a0<\/span><span style=\"font-weight: 400;\">\u00c9 um clube-empresa fundado em 18 de outubro de 1999.<\/span><\/p>\n<p><span style=\"font-weight: 400;\">\u00a0<\/span><span style=\"font-weight: 400;\">A B-SAD foi criada pelo Belenenses para gerir o futebol profissional. A partir de 30 de junho de 2018, eles se separaram e a B-SAD seguiu como clube independente.<\/span><\/p>\n<p><span style=\"font-weight: 400;\">\u00a0<\/span><span style=\"font-weight: 400;\">A cidade sede do B-SAD \u00e9 Lisboa e a casa \u00e9 o Est\u00e1dio das Seixas.<\/span><\/p>\n<p><span style=\"font-weight: 400;\">O s\u00f3cio-propriet\u00e1rio do clube \u00e9 a empresa Codecity Sports Management. O presidente atual \u00e9 Rui Pedro Soares.<\/span><\/p>\n<p><span style=\"font-weight: 400;\">O time ainda n\u00e3o possui nenhum t\u00edtulo.<\/span><\/p>\n<p><span style=\"font-weight: 400;\">\u00a0<\/span><\/p>\n<h3><b>Contatos<\/b><\/h3>\n<p><span style=\"font-weight: 400;\">\u00a0<\/span><\/p>\n<p><b>Site:<\/b><a href=\"http:\/\/site.osbelenensessad.com\"> <span style=\"font-weight: 400;\">site.osbelenensessad.com<\/span><\/a><\/p>\n<p><b>Telefone:<\/b><span style=\"font-weight: 400;\"> 21 301 09 54<\/span><\/p>\n<p><b>Fax:<\/b><span style=\"font-weight: 400;\"> 21 301 13 02<\/span><\/p>\n<p><b>Endere\u00e7o:<\/b><span style=\"font-weight: 400;\"> N\u00facleo Central 268\/270, Taguspark<\/span><\/p>\n<p><b>Email:<\/b><span style=\"font-weight: 400;\"> nuno.almeida@osbelenenses.com<\/span><\/p>\n<p><span style=\"font-weight: 400;\">\u00a0<\/span><\/p>\n<h2><b><img loading=\"lazy\" decoding=\"async\" class=\"size-medium wp-image-3586 alignleft\" src=\"https:\/\/dnacidadania.com.br\/antigo\/wp-content\/uploads\/2022\/07\/estoril-praia-224x300.png\" alt=\"\" width=\"224\" height=\"300\" srcset=\"https:\/\/www.dnacidadania.com.br\/antigo\/wp-content\/uploads\/2022\/07\/estoril-praia-224x300.png 224w, https:\/\/www.dnacidadania.com.br\/antigo\/wp-content\/uploads\/2022\/07\/estoril-praia.png 374w\" sizes=\"auto, (max-width: 224px) 100vw, 224px\" \/>Grupo Desportivo Estoril Praia\u00a0<\/b><\/h2>\n<p><span style=\"font-weight: 400;\">\u00a0<\/span><\/p>\n<p><span style=\"font-weight: 400;\">O Grupo Desportivo Estoril Praia, ou simplesmente Estoril, \u00e9 mais um clube-empresa da cidade de Estoril. Foi fundado em 17 de maio de 1939.<\/span><\/p>\n<p><span style=\"font-weight: 400;\">\u00a0<\/span><span style=\"font-weight: 400;\">O Est\u00e1dio do Estoril Praia \u00e9 o Ant\u00f3nio Coimbra da Mota com capacidade para 8000 pessoas.<\/span><\/p>\n<p><span style=\"font-weight: 400;\">\u00a0<\/span><span style=\"font-weight: 400;\">O clube possui dois presidentes: Alexandre Faria administra o clube e Ignacio Beristain Borra \u00e9 quem administra a SAD. Atualmente o time \u00e9 treinado pelo t\u00e9cnico Bruno Pinheiro.<\/span><\/p>\n<p><span style=\"font-weight: 400;\">\u00a0<\/span><span style=\"font-weight: 400;\">O Estoril nunca ganhou um t\u00edtulo da Primeira Liga.<\/span><\/p>\n<p><span style=\"font-weight: 400;\">\u00a0<\/span><\/p>\n<h3><b>Contatos<\/b><\/h3>\n<p><span style=\"font-weight: 400;\">\u00a0<\/span><\/p>\n<p><b>Site:<\/b><a href=\"http:\/\/estorilpraia.pt\"> <span style=\"font-weight: 400;\">estorilpraia.pt<\/span><\/a><\/p>\n<p><span style=\"font-weight: 400;\">\u00a0<\/span><\/p>\n<p><b>E-mail:<\/b><span style=\"font-weight: 400;\"> geral@estorilpraia.pt<\/span><\/p>\n<p><b>Telefone:<\/b><span style=\"font-weight: 400;\"> (+351) 21 466 10 02<\/span><\/p>\n<p><b>Fax:<\/b><span style=\"font-weight: 400;\"> (+351) 21 466 44 26<\/span><\/p>\n<p><span style=\"font-weight: 400;\">\u00a0<\/span><\/p>\n<p><b>Endere\u00e7o:<\/b><span style=\"font-weight: 400;\"> Est\u00e1dio Ant\u00f3nio Coimbra da Mota, Porta 1, 2765-437 Estoril Portugal.<\/span><\/p>\n<p><span style=\"font-weight: 400;\">\u00a0<\/span><\/p>\n<h3><b>Acredita\u00e7\u00f5es do Estoril Praia<\/b><\/h3>\n<p><span style=\"font-weight: 400;\">\u00a0<\/span><\/p>\n<h4><b>Centro de Treino e Forma\u00e7\u00e3o Desportiva<\/b><\/h4>\n<p><span style=\"font-weight: 400;\">\u00a0<\/span><\/p>\n<p><span style=\"font-weight: 400;\">Sede do GD Estoril Praia<\/span><\/p>\n<p><span style=\"font-weight: 400;\">Rua D. Bosco, 531 &#8211; Estoril<\/span><\/p>\n<p><span style=\"font-weight: 400;\">coordena\u00e7\u00e3o: Lu\u00eds Silva<\/span><\/p>\n<p><span style=\"font-weight: 400;\">email: infoescolas@gdestorilpraia.pt<\/span><\/p>\n<p><span style=\"font-weight: 400;\">telefone: 21 468 0037<\/span><\/p>\n<p><span style=\"font-weight: 400;\">\u00a0<\/span><\/p>\n<h4><b>Estoril AC<\/b><\/h4>\n<p><span style=\"font-weight: 400;\">\u00a0<\/span><\/p>\n<p><span style=\"font-weight: 400;\">Rua Vale de Santa Rita, Campo da Bola &#8211; Estoril<\/span><\/p>\n<p><span style=\"font-weight: 400;\">Para informa\u00e7\u00f5es sobre vagas e hor\u00e1rios:<\/span><\/p>\n<p><span style=\"font-weight: 400;\">pessoalmente, na secretaria do clube Estoril AC ou email: eep@gdestorilpraia.pt<\/span><\/p>\n<p><span style=\"font-weight: 400;\">Telem\u00f3vel\/Celular: 916077110<\/span><\/p>\n<p><span style=\"font-weight: 400;\">\u00a0<\/span><\/p>\n<h4><b>Trajouce\u00a0<\/b><\/h4>\n<p><span style=\"font-weight: 400;\">\u00a0<\/span><\/p>\n<p><span style=\"font-weight: 400;\">Rua Sabino Lu\u00eds Pedroso, Campo de Trajouce &#8211; S\u00e3o Domingos de Rana<\/span><\/p>\n<p><span style=\"font-weight: 400;\">Para informa\u00e7\u00f5es sobre vagas e hor\u00e1rios:<\/span><\/p>\n<p><span style=\"font-weight: 400;\">pessoalmente, na secretaria do campo de Trajouce ou email: eep@gdestorilpraia.pt<\/span><\/p>\n<p><span style=\"font-weight: 400;\">Telem\u00f3vel\/Celular: 916077110<\/span><\/p>\n<p><span style=\"font-weight: 400;\">\u00a0<\/span><\/p>\n<h2><b><img loading=\"lazy\" decoding=\"async\" class=\"size-medium wp-image-3587 alignleft\" src=\"https:\/\/dnacidadania.com.br\/antigo\/wp-content\/uploads\/2022\/07\/famalicao-300x287.png\" alt=\"\" width=\"300\" height=\"287\" srcset=\"https:\/\/www.dnacidadania.com.br\/antigo\/wp-content\/uploads\/2022\/07\/famalicao-300x287.png 300w, https:\/\/www.dnacidadania.com.br\/antigo\/wp-content\/uploads\/2022\/07\/famalicao.png 400w\" sizes=\"auto, (max-width: 300px) 100vw, 300px\" \/>Futebol Clube de Famalic\u00e3o<\/b><\/h2>\n<p><span style=\"font-weight: 400;\">\u00a0<\/span><\/p>\n<p><span style=\"font-weight: 400;\">O <\/span><b>Futebol Clube de Famalic\u00e3o<\/b><span style=\"font-weight: 400;\"> \u00e9 um time de futebol da cidade de Vila Nova de Famalic\u00e3o.<\/span><\/p>\n<p><span style=\"font-weight: 400;\">\u00a0<\/span><span style=\"font-weight: 400;\">Foi fundado em 21 de agosto de 1931.<\/span><\/p>\n<p><span style=\"font-weight: 400;\">\u00a0<\/span><span style=\"font-weight: 400;\">O Famalic\u00e3o joga os seus jogos no Est\u00e1dio Municipal de Famalic\u00e3o.<\/span><\/p>\n<p><span style=\"font-weight: 400;\">\u00a0<\/span><span style=\"font-weight: 400;\">Jorge Silva e Rui Pedro Silva s\u00e3o, respectivamente, o presidente e o t\u00e9cnico do clube no momento.<\/span><\/p>\n<p><span style=\"font-weight: 400;\">\u00a0<\/span><\/p>\n<h3><b>T\u00edtulos<\/b><\/h3>\n<p><span style=\"font-weight: 400;\">\u00a0<\/span><\/p>\n<p><span style=\"font-weight: 400;\">Os t\u00edtulos mais importantes do clube s\u00e3o duas ta\u00e7as da Segunda Divis\u00e3o em 1977-1978, 1987-1988.<\/span><\/p>\n<p><span style=\"font-weight: 400;\">\u00a0<\/span><\/p>\n<h3><b>Contatos<\/b><\/h3>\n<p><span style=\"font-weight: 400;\">\u00a0<\/span><\/p>\n<p><b>Site:<\/b><a href=\"http:\/\/fcfamalicao.pt\"> <span style=\"font-weight: 400;\">fcfamalicao.pt<\/span><\/a><\/p>\n<p><span style=\"font-weight: 400;\">\u00a0<\/span><\/p>\n<p><b>Pedidos de scouting: <\/b><span style=\"font-weight: 400;\">scouting@fcfamalicao.pt<\/span><\/p>\n<p><b>Pedidos de acredita\u00e7\u00e3o: <\/b><span style=\"font-weight: 400;\">comunicacao@fcfamalicao.pt<\/span><\/p>\n<p><b>Departamento de Comunica\u00e7\u00e3o: <\/b><span style=\"font-weight: 400;\">comunicacao@fcfamalicao.pt<\/span><\/p>\n<p><span style=\"font-weight: 400;\">\u00a0<\/span><\/p>\n<p><b>E-mails<\/b><\/p>\n<p><span style=\"font-weight: 400;\">\u00a0<\/span><\/p>\n<p><b>Departamento de Marketing<\/b><\/p>\n<p><span style=\"font-weight: 400;\">marketing@fcfamalicao.pt<\/span><\/p>\n<p><span style=\"font-weight: 400;\">\u00a0<\/span><\/p>\n<p><b>Linha de Apoio ao S\u00f3cio<\/b><\/p>\n<p><span style=\"font-weight: 400;\">socios@fcfamalicao.pt<\/span><\/p>\n<p><span style=\"font-weight: 400;\">\u00a0<\/span><\/p>\n<p><b>Telefone:<\/b><span style=\"font-weight: 400;\"> (+351) 9 1931 08 21<\/span><\/p>\n<p><span style=\"font-weight: 400;\">\u00a0<\/span><\/p>\n<h3><b>Acredita\u00e7\u00f5es do Famalic\u00e3o<\/b><\/h3>\n<p><span style=\"font-weight: 400;\">\u00a0<\/span><\/p>\n<p><span style=\"font-weight: 400;\">Para se inscrever em um teste para o futebol do Famalic\u00e3o, basta entrar no<\/span><a href=\"https:\/\/www.fcfamalicao.pt\/acreditacoes\/\"> <span style=\"font-weight: 400;\">site<\/span><\/a><span style=\"font-weight: 400;\"> e preencher uma ficha com seus dados.<\/span><\/p>\n<p><span style=\"font-weight: 400;\">\u00a0<\/span><\/p>\n<h2><b><img loading=\"lazy\" decoding=\"async\" class=\"size-medium wp-image-3588 alignleft\" src=\"https:\/\/dnacidadania.com.br\/antigo\/wp-content\/uploads\/2022\/07\/gil-vicente-300x300.png\" alt=\"\" width=\"300\" height=\"300\" srcset=\"https:\/\/www.dnacidadania.com.br\/antigo\/wp-content\/uploads\/2022\/07\/gil-vicente-300x300.png 300w, https:\/\/www.dnacidadania.com.br\/antigo\/wp-content\/uploads\/2022\/07\/gil-vicente-150x150.png 150w, https:\/\/www.dnacidadania.com.br\/antigo\/wp-content\/uploads\/2022\/07\/gil-vicente.png 480w\" sizes=\"auto, (max-width: 300px) 100vw, 300px\" \/>Gil Vicente Futebol Clube<\/b><\/h2>\n<p><span style=\"font-weight: 400;\">\u00a0<\/span><\/p>\n<p><span style=\"font-weight: 400;\">O <\/span><b>Gil Vicente Futebol Clube<\/b><span style=\"font-weight: 400;\">, ou simplesmente Gil Vicente, \u00e9 o clube de futebol da cidade de Barcelos. Foi fundado em 3 de maio de 1924.<\/span><\/p>\n<p><span style=\"font-weight: 400;\">\u00a0<\/span><span style=\"font-weight: 400;\">O Gil Vicente tem como casa o Est\u00e1dio Cidade de Barcelos com 12 mil lugares.<\/span><\/p>\n<p><span style=\"font-weight: 400;\">\u00a0<\/span><span style=\"font-weight: 400;\">Francisco Dias da Silva e Ricardo Soares s\u00e3o quem preside e treina o clube, respectivamente.<\/span><\/p>\n<p><span style=\"font-weight: 400;\">\u00a0<\/span><\/p>\n<h3><b>T\u00edtulos<\/b><\/h3>\n<p><span style=\"font-weight: 400;\">\u00a0<\/span><\/p>\n<table>\n<tbody>\n<tr>\n<td><b>Campeonatos<\/b><\/td>\n<td><b>Quantidade<\/b><\/td>\n<td><b>Anos<\/b><\/td>\n<\/tr>\n<tr>\n<td><span style=\"font-weight: 400;\">Segunda Liga<\/span><\/td>\n<td style=\"text-align: center;\"><span style=\"font-weight: 400;\">2<\/span><\/td>\n<td><span style=\"font-weight: 400;\">1998-1999, 2010-2011<\/span><\/td>\n<\/tr>\n<tr>\n<td><span style=\"font-weight: 400;\">AF Braga da 1.\u00aa Divis\u00e3o<\/span><\/td>\n<td style=\"text-align: center;\"><span style=\"font-weight: 400;\">3<\/span><\/td>\n<td><span style=\"font-weight: 400;\">1959-1960, 1963-1964, 1964-1965<\/span><\/td>\n<\/tr>\n<\/tbody>\n<\/table>\n<p><span style=\"font-weight: 400;\">\u00a0<\/span><\/p>\n<h3><b>Contatos<\/b><\/h3>\n<p><span style=\"font-weight: 400;\">\u00a0<\/span><\/p>\n<p><b>Site:<\/b><a href=\"http:\/\/gilvicentefc.pt\"> <span style=\"font-weight: 400;\">gilvicentefc.pt<\/span><\/a><\/p>\n<p><span style=\"font-weight: 400;\">\u00a0<\/span><\/p>\n<p><b>Est\u00e1dio Cidade de Barcelos<\/b><\/p>\n<p><span style=\"font-weight: 400;\">Servi\u00e7os Administrativos e Futebol Profissional<\/span><\/p>\n<p><span style=\"font-weight: 400;\">\u00a0<\/span><\/p>\n<p><span style=\"font-weight: 400;\">Lugar do Faial<\/span><\/p>\n<p>S. Jo\u00e3o de Vila Boa<\/p>\n<p><span style=\"font-weight: 400;\">4750-787 Barcelos<\/span><\/p>\n<p><span style=\"font-weight: 400;\">Portugal<\/span><\/p>\n<p><span style=\"font-weight: 400;\">\u00a0<\/span><\/p>\n<p><b>Telefone:<\/b><span style=\"font-weight: 400;\"> (+351) 253 811 523<\/span><\/p>\n<p><b>Fax:<\/b><span style=\"font-weight: 400;\"> (+351) 253 823 102<\/span><\/p>\n<p><b>E-mail: <\/b><span style=\"font-weight: 400;\">geral@gilvicentefc.pt<\/span><\/p>\n<p><span style=\"font-weight: 400;\">\u00a0<\/span><\/p>\n<p><b>Hor\u00e1rios:<\/b><\/p>\n<p><span style=\"font-weight: 400;\">\u2013 segunda a sexta-feira, 9h30 \u00e0s 13h e das 14h \u00e0s 18h<\/span><\/p>\n<p><span style=\"font-weight: 400;\">\u2013 em dias de jogos oficiais<\/span><\/p>\n<p><span style=\"font-weight: 400;\">\u00a0<\/span><\/p>\n<h4><b>Departamento de Futebol de Forma\u00e7\u00e3o<\/b><\/h4>\n<p><span style=\"font-weight: 400;\">\u00a0<\/span><\/p>\n<p><span style=\"font-weight: 400;\">Futebol 11: Lu\u00eds Ricardo Cerqueira e Renato Melo<\/span><\/p>\n<p><span style=\"font-weight: 400;\">\u00a0<\/span><\/p>\n<p><b>E-mails:<\/b><\/p>\n<p><span style=\"font-weight: 400;\">formacao@gilvicentefc.pt<\/span><\/p>\n<p><span style=\"font-weight: 400;\">luis.ricardo@gilvicentefc.pt<\/span><\/p>\n<p><span style=\"font-weight: 400;\">renato.melo@gilvicentefc.pt<\/span><\/p>\n<p><span style=\"font-weight: 400;\">\u00a0<\/span><\/p>\n<p><span style=\"font-weight: 400;\">Para mais informa\u00e7\u00f5es, basta entrar no<\/span><a href=\"https:\/\/gilvicentefc.pt\/contactos\/\"> <span style=\"font-weight: 400;\">site<\/span><\/a><span style=\"font-weight: 400;\"> na se\u00e7\u00e3o <\/span><b>Contactos<\/b><span style=\"font-weight: 400;\"> e conferir todos os contatos dispon\u00edveis a partir do site. S\u00e3o muitos contatos.<\/span><\/p>\n<p><span style=\"font-weight: 400;\">\u00a0<\/span><span style=\"font-weight: 400;\">Nesta outra se\u00e7\u00e3o do<\/span><a href=\"https:\/\/gilvicentefc.pt\/noticias-formacao\/\"> <span style=\"font-weight: 400;\">site<\/span><\/a><span style=\"font-weight: 400;\">, h\u00e1 not\u00edcias sobre o futebol de forma\u00e7\u00e3o.<\/span><\/p>\n<p><span style=\"font-weight: 400;\">\u00a0<\/span><\/p>\n<h3><b>Acredita\u00e7\u00f5es do Gil Vicente FC<\/b><\/h3>\n<p><span style=\"font-weight: 400;\">\u00a0<\/span><\/p>\n<p><span style=\"font-weight: 400;\">O clube apenas informa que os pedidos para acredita\u00e7\u00f5es devem ser feitos com 48h antes do jogo para o seguinte e-mail: armanda.cunha@gilvicentefc.pt.<\/span><\/p>\n<p><span style=\"font-weight: 400;\">\u00a0<\/span><span style=\"font-weight: 400;\">J\u00e1 os pedidos relativos ao Departamento de Rela\u00e7\u00f5es P\u00fablicas devem ser enviados para: relacoes.publicas@gilvicentefc.pt.<\/span><\/p>\n<p><span style=\"font-weight: 400;\">\u00a0<\/span><span style=\"font-weight: 400;\">Para ler o texto completo, acesse esta<\/span> <a href=\"https:\/\/gilvicentefc.pt\/2021\/08\/03\/informacao-sobre-pedidos-de-acreditacao-e-bilhetes-scouting\/\"><span style=\"font-weight: 400;\">p\u00e1gina<\/span><\/a><span style=\"font-weight: 400;\">. <\/span><span style=\"font-weight: 400;\">O texto \u00e9 de agosto de 2021 e n\u00e3o fala mais nada sobre as acredita\u00e7\u00f5es da equipe.<\/span><\/p>\n<p><span style=\"font-weight: 400;\">\u00a0<\/span><\/p>\n<h2><b><img loading=\"lazy\" decoding=\"async\" class=\"size-medium wp-image-3589 alignleft\" src=\"https:\/\/dnacidadania.com.br\/antigo\/wp-content\/uploads\/2022\/07\/maritimo-300x300.png\" alt=\"\" width=\"300\" height=\"300\" srcset=\"https:\/\/www.dnacidadania.com.br\/antigo\/wp-content\/uploads\/2022\/07\/maritimo-300x300.png 300w, https:\/\/www.dnacidadania.com.br\/antigo\/wp-content\/uploads\/2022\/07\/maritimo-150x150.png 150w, https:\/\/www.dnacidadania.com.br\/antigo\/wp-content\/uploads\/2022\/07\/maritimo.png 350w\" sizes=\"auto, (max-width: 300px) 100vw, 300px\" \/>Club Sport Mar\u00edtimo<\/b><\/h2>\n<p><span style=\"font-weight: 400;\">\u00a0<\/span><\/p>\n<p><span style=\"font-weight: 400;\">O <\/span><b>Club Sport Mar\u00edtimo<\/b><span style=\"font-weight: 400;\"> \u00e9 o time da Ilha da Madeira, terra de Cristiano Ronaldo. \u00c9 um clube poliesportivo com diversas outras modalidades no esporte.<\/span><\/p>\n<p><span style=\"font-weight: 400;\">\u00a0<\/span><span style=\"font-weight: 400;\">O Sport Mar\u00edtimo foi fundado em 20 de setembro de 1910. \u00c9 considerado o maior clube de futebol da Ilha da Madeira com cerca de 24 mil associados.<\/span><\/p>\n<p><span style=\"font-weight: 400;\">\u00a0<\/span><span style=\"font-weight: 400;\">A equipe j\u00e1 disputou 40 vezes a Primeira Liga, tamb\u00e9m chegou \u00e0s finais da Ta\u00e7a de Portugal e da Ta\u00e7a da Liga em duas oportunidades. Al\u00e9m disso, disputou a Ta\u00e7a UEFA\/Liga Europa nove vezes.<\/span><\/p>\n<p><span style=\"font-weight: 400;\">\u00a0<\/span><span style=\"font-weight: 400;\">\u00c9 o quinto melhor clube portugu\u00eas da primeira d\u00e9cada do s\u00e9culo XXI, segundo o ranking da Federa\u00e7\u00e3o Internacional de Hist\u00f3ria e Estat\u00edsticas do Futebol, o IFFHS.<\/span><\/p>\n<p><span style=\"font-weight: 400;\">\u00a0<\/span><span style=\"font-weight: 400;\">A equipe \u00e9 presidida por Rui Fontes e treinada por Vasco Seabra.<\/span><\/p>\n<p><span style=\"font-weight: 400;\">\u00a0<\/span><\/p>\n<h3><b>T\u00edtulos<\/b><\/h3>\n<p><span style=\"font-weight: 400;\">\u00a0<\/span><\/p>\n<table>\n<tbody>\n<tr>\n<td><b>Campeonatos<\/b><\/td>\n<td><b>Quantidade<\/b><\/td>\n<td><b>Anos<\/b><\/td>\n<\/tr>\n<tr>\n<td><span style=\"font-weight: 400;\">Campeonato de Portugal<\/span><\/td>\n<td style=\"text-align: center;\"><span style=\"font-weight: 400;\">1<\/span><\/td>\n<td><span style=\"font-weight: 400;\">1925-1926<\/span><\/td>\n<\/tr>\n<tr>\n<td><span style=\"font-weight: 400;\">Segunda Divis\u00e3o<\/span><\/td>\n<td style=\"text-align: center;\"><span style=\"font-weight: 400;\">2<\/span><\/td>\n<td><span style=\"font-weight: 400;\">1976-1977, 1981-1982.<\/span><\/td>\n<\/tr>\n<\/tbody>\n<\/table>\n<p><span style=\"font-weight: 400;\">\u00a0<\/span><\/p>\n<h3><b>T\u00edtulos regionais<\/b><\/h3>\n<p><span style=\"font-weight: 400;\">\u00a0<\/span><\/p>\n<table>\n<tbody>\n<tr>\n<td><b>Campeonatos<\/b><\/td>\n<td><b>Quantidade<\/b><\/td>\n<td><b>Anos<\/b><\/td>\n<\/tr>\n<tr>\n<td><span style=\"font-weight: 400;\">Campeonato da Madeira<\/span><\/td>\n<td style=\"text-align: center;\"><span style=\"font-weight: 400;\">35<\/span><\/td>\n<td><span style=\"font-weight: 400;\">1916-1917, 1917-1918, 1921-1922, 1922-1923, 1923-1924, 1924-1925, 1925-1926, 1926-1927, 1928-1929, 1929-1930, 1930-1931, 1932-1933, 1935-1936, 1939-1940, 1940-1941, 1944-1945, 1945-1946, 1946-1947, 1947-1948, 1948-1949, 1949-1950, 1950-1951, 1951-1952, 1952-1953, 1953-1954, 1954-1955, 1955-1956, 1957-1958, 1965-1966, 1966-1967, 1967-1968, 1969-1970, 1970-1971, 1971-1972, 1972-1973.<\/span><\/td>\n<\/tr>\n<tr>\n<td><span style=\"font-weight: 400;\">Ta\u00e7a da Madeira<\/span><\/td>\n<td style=\"text-align: center;\"><span style=\"font-weight: 400;\">26<\/span><\/td>\n<td><span style=\"font-weight: 400;\">1946-1947, 1947-1948, 1949-1950, 1950-1951, 1951-1952, 1952-1953, 1953-1954, 1954-1955, 1955-1956, 1958-1959, 1959-1960, 1965-1966, 1966-1967, 1967-1968, 1968-1969, 1969-1970, 1970-1971, 1971-1972, 1978-1979, 1980-1981, 1981-1982, 1984-1985, 1997-1998, 2006-2007, 2008-2009, 2017-2018.<\/span><\/td>\n<\/tr>\n<\/tbody>\n<\/table>\n<p><span style=\"font-weight: 400;\">\u00a0<\/span><\/p>\n<h3><b>Contatos<\/b><\/h3>\n<p><span style=\"font-weight: 400;\">\u00a0<\/span><\/p>\n<p><b>Site:<\/b><a href=\"http:\/\/csmaritimo.org.pt\"> <span style=\"font-weight: 400;\">csmaritimo.org.pt<\/span><\/a><\/p>\n<p><b>Endere\u00e7o:<\/b><span style=\"font-weight: 400;\"> Complexo Desportivo do Mar\u00edtimo<\/span><\/p>\n<p><span style=\"font-weight: 400;\">Rua Campo do Mar\u00edtimo<\/span><\/p>\n<p><span style=\"font-weight: 400;\">9020-208 Funchal<\/span><\/p>\n<p><span style=\"font-weight: 400;\">\u00a0<\/span><\/p>\n<p><b>Telefone:<\/b><span style=\"font-weight: 400;\"> (+351) 291 708 300<\/span><\/p>\n<p><span style=\"font-weight: 400;\">\u00a0<\/span><\/p>\n<p><span style=\"font-weight: 400;\">Infelizmente, no momento da publica\u00e7\u00e3o deste texto, a p\u00e1gina sobre o futebol de forma\u00e7\u00e3o e testes estava com defeito.<\/span><\/p>\n<p><span style=\"font-weight: 400;\">\u00a0<\/span><\/p>\n<h2><b><img loading=\"lazy\" decoding=\"async\" class=\"wp-image-3590 size-medium alignleft\" src=\"https:\/\/dnacidadania.com.br\/antigo\/wp-content\/uploads\/2022\/07\/moreirense-300x169.png\" alt=\"\" width=\"300\" height=\"169\" srcset=\"https:\/\/www.dnacidadania.com.br\/antigo\/wp-content\/uploads\/2022\/07\/moreirense-300x169.png 300w, https:\/\/www.dnacidadania.com.br\/antigo\/wp-content\/uploads\/2022\/07\/moreirense-1024x576.png 1024w, https:\/\/www.dnacidadania.com.br\/antigo\/wp-content\/uploads\/2022\/07\/moreirense-768x432.png 768w, https:\/\/www.dnacidadania.com.br\/antigo\/wp-content\/uploads\/2022\/07\/moreirense-1536x864.png 1536w, https:\/\/www.dnacidadania.com.br\/antigo\/wp-content\/uploads\/2022\/07\/moreirense-2048x1152.png 2048w\" sizes=\"auto, (max-width: 300px) 100vw, 300px\" \/>Moreirense Futebol Clube<\/b><\/h2>\n<p><span style=\"font-weight: 400;\">\u00a0<\/span><\/p>\n<p><span style=\"font-weight: 400;\">O <\/span><b>Moreirense Futebol Clube<\/b><span style=\"font-weight: 400;\"> \u00e9 da cidade de Guimar\u00e3es, localizado na freguesia de Moreira de C\u00f3negos. Joga a Segunda Liga. Foi fundado em 1 de novembro de 1938.<\/span><\/p>\n<p><span style=\"font-weight: 400;\">\u00a0<\/span><span style=\"font-weight: 400;\">O Moreirense manda seus jogos no Est\u00e1dio Comendador Joaquim de Almeida Freitas, com capacidade para 6 mil torcedores.<\/span><\/p>\n<p><span style=\"font-weight: 400;\">\u00a0<\/span><span style=\"font-weight: 400;\">O time \u00e9 presidido por V\u00edtor Magalh\u00e3es e o treinador \u00e9 Ricardo S\u00e1 Pinto.<\/span><\/p>\n<p><span style=\"font-weight: 400;\">\u00a0<\/span><\/p>\n<h3><b>T\u00edtulos<\/b><\/h3>\n<p><span style=\"font-weight: 400;\">\u00a0<\/span><\/p>\n<table>\n<tbody>\n<tr>\n<td><b>Campeonatos<\/b><\/td>\n<td><b>Quantidade<\/b><\/td>\n<td><b>Anos<\/b><\/td>\n<\/tr>\n<tr>\n<td><span style=\"font-weight: 400;\">Ta\u00e7a da Liga<\/span><\/td>\n<td style=\"text-align: center;\"><span style=\"font-weight: 400;\">1<\/span><\/td>\n<td><span style=\"font-weight: 400;\">2016-2018.<\/span><\/td>\n<\/tr>\n<tr>\n<td><span style=\"font-weight: 400;\">Segunda Liga<\/span><\/td>\n<td style=\"text-align: center;\"><span style=\"font-weight: 400;\">2<\/span><\/td>\n<td><span style=\"font-weight: 400;\">2001-2002, 2013-2014.<\/span><\/td>\n<\/tr>\n<tr>\n<td><span style=\"font-weight: 400;\">II Divis\u00e3o B<\/span><\/td>\n<td style=\"text-align: center;\"><span style=\"font-weight: 400;\">2<\/span><\/td>\n<td><span style=\"font-weight: 400;\">1994-1995, 2000-2001.<\/span><\/td>\n<\/tr>\n<\/tbody>\n<\/table>\n<p><span style=\"font-weight: 400;\">\u00a0<\/span><\/p>\n<h3><b>Contatos<\/b><\/h3>\n<p><span style=\"font-weight: 400;\">\u00a0<\/span><\/p>\n<p><b>Site:<\/b><a href=\"https:\/\/www.moreirensefc.pt\"> <span style=\"font-weight: 400;\">moreirensefc.pt<\/span><\/a><\/p>\n<p><span style=\"font-weight: 400;\">\u00a0<\/span><\/p>\n<p><b>Sede \/ Est\u00e1dio<\/b><\/p>\n<p><span style=\"font-weight: 400;\">O Est\u00e1dio do Moreirense Futebol Clube alberga 6150 lugares e encontra-se localizado no Parque de Jogos Comendador Joaquim de Almeida Freitas em Moreira de C\u00f3negos.<\/span><\/p>\n<p><span style=\"font-weight: 400;\">\u00a0<\/span><\/p>\n<p><b>Hor\u00e1rio de atendimento<\/b><\/p>\n<p><span style=\"font-weight: 400;\">09:00 &#8211; 12:30<\/span><\/p>\n<p><span style=\"font-weight: 400;\">14:00 &#8211; 19:00<\/span><\/p>\n<p><span style=\"font-weight: 400;\">\u00a0<\/span><\/p>\n<p><b>Sede<\/b><\/p>\n<p><span style=\"font-weight: 400;\">\u00a0<\/span><\/p>\n<p><b>Telefone:<\/b><span style=\"font-weight: 400;\"> (+351) 253 561 836<\/span><\/p>\n<p><b>E-mail:<\/b><span style=\"font-weight: 400;\"> geral@moreirensefc.pt<\/span><\/p>\n<p><b>Endere\u00e7o:<\/b><span style=\"font-weight: 400;\"> Av. Comendador Joaquim Almeida Freitas 4815-270 Moreira de C\u00f3negos<\/span><\/p>\n<p><span style=\"font-weight: 400;\">\u00a0<\/span><\/p>\n<p><b>Marketing e comunica\u00e7\u00e3o<\/b><\/p>\n<p><span style=\"font-weight: 400;\">\u00a0<\/span><\/p>\n<p><b>Telefone:<\/b><span style=\"font-weight: 400;\"> (+351) 253 561 836<\/span><\/p>\n<p><span style=\"font-weight: 400;\">\u00a0<\/span><b>E-mails:<\/b><span style=\"font-weight: 400;\"> marketing@moreirensefc.pt \/ comunicacao@moreirensefc.pt<\/span><\/p>\n<p><span style=\"font-weight: 400;\">\u00a0<\/span><\/p>\n<p><b>Gest\u00e3o de s\u00f3cios<\/b><\/p>\n<p><span style=\"font-weight: 400;\">\u00a0<\/span><\/p>\n<p><b>Telefone:<\/b><span style=\"font-weight: 400;\"> (+351) 253 561 836<\/span><\/p>\n<p><b>E-mail:<\/b><span style=\"font-weight: 400;\"> socios@moreirensefc.pt<\/span><\/p>\n<p><span style=\"font-weight: 400;\">\u00a0<\/span><\/p>\n<p><b>Departamento de futebol de forma\u00e7\u00e3o<\/b><\/p>\n<p><span style=\"font-weight: 400;\">\u00a0<\/span><\/p>\n<p><b>E-mails: <\/b><span style=\"font-weight: 400;\">coordenador.formacao@moreirensefc.pt \/ formacao@moreirensefc.pt<\/span><\/p>\n<p><span style=\"font-weight: 400;\">\u00a0<\/span><\/p>\n<h3><b>Acredita\u00e7\u00f5es do Moreirense<\/b><\/h3>\n<p><span style=\"font-weight: 400;\">\u00a0<\/span><\/p>\n<p><span style=\"font-weight: 400;\">O Moreirense conta com um manual de acolhimento e boas pr\u00e1ticas para o futebol de forma\u00e7\u00e3o da equipe. Para acessar, basta clicar<\/span><a href=\"https:\/\/www.moreirensefc.pt\/futebol-de-formacao\/\"> <span style=\"font-weight: 400;\">neste link<\/span><\/a><span style=\"font-weight: 400;\">.<\/span><\/p>\n<p><span style=\"font-weight: 400;\">\u00a0<\/span><\/p>\n<h2><b><img loading=\"lazy\" decoding=\"async\" class=\"size-medium wp-image-3591 alignleft\" src=\"https:\/\/dnacidadania.com.br\/antigo\/wp-content\/uploads\/2022\/07\/pacos-de-ferreira-238x300.png\" alt=\"\" width=\"238\" height=\"300\" srcset=\"https:\/\/www.dnacidadania.com.br\/antigo\/wp-content\/uploads\/2022\/07\/pacos-de-ferreira-238x300.png 238w, https:\/\/www.dnacidadania.com.br\/antigo\/wp-content\/uploads\/2022\/07\/pacos-de-ferreira.png 396w\" sizes=\"auto, (max-width: 238px) 100vw, 238px\" \/>Futebol Clube Pa\u00e7os de Ferreira<\/b><\/h2>\n<p><span style=\"font-weight: 400;\">\u00a0<\/span><\/p>\n<p><span style=\"font-weight: 400;\">O <\/span><b>Futebol Clube Pa\u00e7os de Ferreira<\/b><span style=\"font-weight: 400;\"> foi fundado em 5 de abril de 1950 na cidade de Pa\u00e7os de Ferreira.<\/span><\/p>\n<p><span style=\"font-weight: 400;\">O clube tem um hist\u00f3rico de boas participa\u00e7\u00f5es em campeonatos importantes. Foi finalista da Ta\u00e7a de Portugal na temporada 2008-2009 e da Ta\u00e7a da Liga em 2010-2011.\u00a0<\/span><\/p>\n<p><span style=\"font-weight: 400;\">Al\u00e9m disso, participou duas vezes da Liga dos Campe\u00f5es nos anos de 2013-2014 e mais tr\u00eas participa\u00e7\u00f5es da Liga Europa da UEFA em 2007-2008, 2009-2010 e 2013-2014.<\/span><\/p>\n<p><span style=\"font-weight: 400;\">E ainda conseguiu um terceiro lugar na Primeira Liga em 2012-2013 e por fim venceu o Campeonato Nacional da Segunda Divis\u00e3o de Honra\/Segunda Liga por quatro vezes nos anos 1990-1991, 1999-2000, 2004-2005, 2018-2019.<\/span><\/p>\n<p><span style=\"font-weight: 400;\">\u00a0<\/span><\/p>\n<p><span style=\"font-weight: 400;\">O Pa\u00e7os de Ferreira tem como casa o Est\u00e1dio da Mata Real.<\/span><\/p>\n<p><span style=\"font-weight: 400;\">Por \u00faltimo, Paulo Meneses preside o clube e C\u00e9sar Peixoto \u00e9 o t\u00e9cnico.<\/span><\/p>\n<p><span style=\"font-weight: 400;\">\u00a0<\/span><\/p>\n<h3><b>Principais t\u00edtulos<\/b><\/h3>\n<p><span style=\"font-weight: 400;\">\u00a0<\/span><\/p>\n<table>\n<tbody>\n<tr>\n<td><b>Campeonatos<\/b><\/td>\n<td><b>Quantidade<\/b><\/td>\n<td><b>Anos<\/b><\/td>\n<\/tr>\n<tr>\n<td><span style=\"font-weight: 400;\">Segunda Liga<\/span><\/td>\n<td style=\"text-align: center;\"><span style=\"font-weight: 400;\">4<\/span><\/td>\n<td><span style=\"font-weight: 400;\">1990-1991, 1999-2000, 2004-2005, 2018-2019.<\/span><\/td>\n<\/tr>\n<tr>\n<td><span style=\"font-weight: 400;\">Terceira Divis\u00e3o<\/span><\/td>\n<td style=\"text-align: center;\"><span style=\"font-weight: 400;\">1<\/span><\/td>\n<td><span style=\"font-weight: 400;\">1973-1974<\/span><\/td>\n<\/tr>\n<\/tbody>\n<\/table>\n<p><span style=\"font-weight: 400;\">\u00a0<\/span><\/p>\n<h2><b><img loading=\"lazy\" decoding=\"async\" class=\"size-medium wp-image-3592 alignleft\" src=\"https:\/\/dnacidadania.com.br\/antigo\/wp-content\/uploads\/2022\/07\/portimonense-272x300.png\" alt=\"\" width=\"272\" height=\"300\" srcset=\"https:\/\/www.dnacidadania.com.br\/antigo\/wp-content\/uploads\/2022\/07\/portimonense-272x300.png 272w, https:\/\/www.dnacidadania.com.br\/antigo\/wp-content\/uploads\/2022\/07\/portimonense.png 453w\" sizes=\"auto, (max-width: 272px) 100vw, 272px\" \/>Portimonense Sporting Clube\u00a0<\/b><\/h2>\n<p><span style=\"font-weight: 400;\">\u00a0<\/span><\/p>\n<p><span style=\"font-weight: 400;\">O <\/span><b>Portimonense Sporting Clube<\/b><span style=\"font-weight: 400;\"> \u00e9 o clube de futebol da cidade de Portim\u00e3o, fundado em 14 de agosto de 1914.<\/span><\/p>\n<p><span style=\"font-weight: 400;\">Tudo come\u00e7ou quando um portugu\u00eas de Portim\u00e3o que estudava na Inglaterra chegou com uma bola e divulgou o esporte. Assim nasceu o futebol portimonense juntamente com o clube.<\/span><\/p>\n<p><span style=\"font-weight: 400;\">O Portimonense tem dois presidentes. Fernando Rocha preside o clube, enquanto Rodiney Sampaio preside a SAD. A equipe \u00e9 treinada pelo t\u00e9cnico Paulo S\u00e9rgio.<\/span><\/p>\n<p><span style=\"font-weight: 400;\">O Est\u00e1dio Municipal de Portim\u00e3o, que antes era chamado de Est\u00e1dio Portimonense Sporting Clube, \u00e9 a casa do clube.<\/span><\/p>\n<p><span style=\"font-weight: 400;\">Al\u00e9m disso tudo, O Portimonense tamb\u00e9m \u00e9 conhecido pelo seu futsal e basquete.<\/span><\/p>\n<p><span style=\"font-weight: 400;\">\u00a0<\/span><\/p>\n<h3><b>T\u00edtulo<\/b><\/h3>\n<p><span style=\"font-weight: 400;\">\u00a0<\/span><\/p>\n<p><span style=\"font-weight: 400;\">O clube de futebol tem um \u00fanico t\u00edtulo da Segunda Liga na temporada de 2016-2017.<\/span><\/p>\n<p><span style=\"font-weight: 400;\">\u00a0<\/span><\/p>\n<h3><b>Contatos<\/b><\/h3>\n<p><span style=\"font-weight: 400;\">\u00a0<\/span><\/p>\n<p><b>Site:<\/b><a href=\"https:\/\/www.portimonense.pt\/\"> <span style=\"font-weight: 400;\">portimonense.pt<\/span><\/a><\/p>\n<p><span style=\"font-weight: 400;\">\u00a0<\/span><\/p>\n<p><span style=\"font-weight: 400;\">Para entrar em contato com o clube, basta acessar o<\/span><a href=\"https:\/\/www.portimonense.pt\/psc_contactos.php\"> <span style=\"font-weight: 400;\">site<\/span><\/a><span style=\"font-weight: 400;\">. L\u00e1 h\u00e1 uma ampla lista de contatos: endere\u00e7os, telefones, e-mails e hor\u00e1rios tanto do clube e da SAD, quanto das demais modalidades do Portimonense.<\/span><\/p>\n<p><span style=\"font-weight: 400;\">\u00a0<\/span><\/p>\n<h2><b><img loading=\"lazy\" decoding=\"async\" class=\"size-medium wp-image-3593 alignleft\" src=\"https:\/\/dnacidadania.com.br\/antigo\/wp-content\/uploads\/2022\/07\/fc-porto-226x300.png\" alt=\"\" width=\"226\" height=\"300\" srcset=\"https:\/\/www.dnacidadania.com.br\/antigo\/wp-content\/uploads\/2022\/07\/fc-porto-226x300.png 226w, https:\/\/www.dnacidadania.com.br\/antigo\/wp-content\/uploads\/2022\/07\/fc-porto.png 376w\" sizes=\"auto, (max-width: 226px) 100vw, 226px\" \/>Futebol Clube do Porto<\/b><\/h2>\n<p><span style=\"font-weight: 400;\">\u00a0<\/span><\/p>\n<p><span style=\"font-weight: 400;\">O <\/span><b>Futebol Clube do Porto<\/b><span style=\"font-weight: 400;\">, mais conhecido como Porto, \u00e9 um dos mais tradicionais clubes de Portugal, sendo um dos <strong>\u201cTr\u00eas Grandes\u201d<\/strong>.<\/span><\/p>\n<p><span style=\"font-weight: 400;\">O <strong>Porto<\/strong> foi fundado em 28 de setembro de 1893 e a casa do Porto \u00e9 o Est\u00e1dio do Drag\u00e3o, com capacidade para 50 mil torcedores. O time tem um drag\u00e3o como mascote, vis\u00edvel no topo do bras\u00e3o.<\/span><\/p>\n<p><span style=\"font-weight: 400;\">O clube portuense \u00e9 um dos mais vitoriosos de Portugal, rivalizando assim com seus rivais diretos: Sporting e Benfica. Internacionalmente, o <strong>FC Porto<\/strong> tamb\u00e9m \u00e9 conhecido, com sete t\u00edtulos internacionais no total (confira mais abaixo).<\/span><\/p>\n<p>\u00c9 o \u00fanico clube portugu\u00eas com dois t\u00edtulos mundiais interclubes: 1987 e 2004.<\/p>\n<p><span style=\"font-weight: 400;\">A equipe \u00e9 presidida por Jorge Nuno Pinto da Costa e o treinador \u00e9 S\u00e9rgio Concei\u00e7\u00e3o. Al\u00e9m disso, o FC Porto tem quatro propriet\u00e1rios, sendo eles: o pr\u00f3prio Porto, com 75,80% da SAD, Ant\u00f3nio Oliveira, com 7,34%, Joaquim Oliveira, com 6,68%, e Pinto da Costa, com 1,11%.<\/span><\/p>\n<p><span style=\"font-weight: 400;\">\u00a0<\/span><\/p>\n<h3><b>T\u00edtulos<\/b><\/h3>\n<p><span style=\"font-weight: 400;\">\u00a0<\/span><\/p>\n<table style=\"width: 100%; height: 576px;\">\n<tbody>\n<tr style=\"height: 24px;\">\n<td style=\"text-align: center; height: 24px;\" colspan=\"3\"><b>Mundiais<\/b><\/td>\n<\/tr>\n<tr style=\"height: 24px;\">\n<td style=\"height: 24px;\"><b>Campeonatos<\/b><\/td>\n<td style=\"height: 24px;\"><b>Quantidade<\/b><\/td>\n<td style=\"height: 24px;\"><b>Anos<\/b><\/td>\n<\/tr>\n<tr style=\"height: 24px;\">\n<td style=\"height: 24px;\"><span style=\"font-weight: 400;\">Ta\u00e7a Intercontinental<\/span><\/td>\n<td style=\"text-align: center; height: 24px;\"><span style=\"font-weight: 400;\">2<\/span><\/td>\n<td style=\"height: 24px;\"><span style=\"font-weight: 400;\">1987 e 2004<\/span><\/td>\n<\/tr>\n<tr style=\"height: 24px;\">\n<td style=\"text-align: center; height: 24px;\" colspan=\"3\"><b>Continentais<\/b><\/td>\n<\/tr>\n<tr style=\"height: 48px;\">\n<td style=\"height: 48px;\"><span style=\"font-weight: 400;\">Liga dos Campe\u00f5es da UEFA<\/span><\/td>\n<td style=\"text-align: center; height: 48px;\"><span style=\"font-weight: 400;\">2<\/span><\/td>\n<td style=\"height: 48px;\"><span style=\"font-weight: 400;\">1986-1987, 2003-2004<\/span><\/td>\n<\/tr>\n<tr style=\"height: 24px;\">\n<td style=\"height: 24px;\"><span style=\"font-weight: 400;\">Liga Europa da UEFA<\/span><\/td>\n<td style=\"height: 24px; text-align: center;\"><span style=\"font-weight: 400;\">2<\/span><\/td>\n<td style=\"height: 24px;\"><span style=\"font-weight: 400;\">2002-2003 e 2010-2011<\/span><\/td>\n<\/tr>\n<tr style=\"height: 24px;\">\n<td style=\"height: 24px;\"><span style=\"font-weight: 400;\">Superta\u00e7a da UEFA<\/span><\/td>\n<td style=\"height: 24px; text-align: center;\"><span style=\"font-weight: 400;\">1<\/span><\/td>\n<td style=\"height: 24px;\"><span style=\"font-weight: 400;\">1987<\/span><\/td>\n<\/tr>\n<tr style=\"height: 24px;\">\n<td style=\"height: 24px;\" colspan=\"3\"><b>Nacionais<\/b><\/td>\n<\/tr>\n<tr style=\"height: 72px;\">\n<td style=\"height: 72px;\"><span style=\"font-weight: 400;\">Campeonato Portugu\u00eas<\/span><\/td>\n<td style=\"height: 72px; text-align: center;\"><span style=\"font-weight: 400;\">30<\/span><\/td>\n<td style=\"height: 72px;\"><span style=\"font-weight: 400;\">1934-1935, 1938-1939, 1939-1940, 1955-1956, 1958-1959, 1977-1978, 1978-1979, 1984-1985, 1985-1986, 1987-1988, 1989-1990, 1991-1992, 1992-1993, 1994-1995, 1995-1996, 1996-1997, 1997-1998, 1998-1999, 2002-2003, 2003-2004, 2005-2006, 2006-2007, 2007-2008, 2008-2009, 2010-2011, 2011-2012, 2012-2013, 2017-2018, 2019-2020, 2021-2022<\/span><\/td>\n<\/tr>\n<tr style=\"height: 48px;\">\n<td style=\"height: 48px;\"><span style=\"font-weight: 400;\">Ta\u00e7a de Portugal<\/span><\/td>\n<td style=\"height: 48px; text-align: center;\"><span style=\"font-weight: 400;\">18<\/span><\/td>\n<td style=\"height: 48px;\"><span style=\"font-weight: 400;\">1955-1956, 1957-1958, 1967-1968, 1976-1977, 1983-1984, 1987-1988, 1990-1991, 1993-1994, 1997-1998, 1999-1900, 2000-2001, 2002-2003, 2005-2006, 2008-2009, 2009-2010, 2010-2011, 2019-2020, 2021-2022<\/span><\/td>\n<\/tr>\n<tr style=\"height: 48px;\">\n<td style=\"height: 48px;\"><span style=\"font-weight: 400;\">Campeonato de Portugal<\/span><\/td>\n<td style=\"height: 48px; text-align: center;\"><span style=\"font-weight: 400;\">4<\/span><\/td>\n<td style=\"height: 48px;\"><span style=\"font-weight: 400;\">1921-1922, 1924-1925, 1931-1932, 1936-1937<\/span><\/td>\n<\/tr>\n<tr style=\"height: 48px;\">\n<td style=\"height: 48px;\"><span style=\"font-weight: 400;\">Superta\u00e7a C\u00e2ndido de Oliveira<\/span><\/td>\n<td style=\"height: 48px; text-align: center;\"><span style=\"font-weight: 400;\">22<\/span><\/td>\n<td style=\"height: 48px;\"><span style=\"font-weight: 400;\">1981, 1983, 1984, 1986, 1990, 1991, 1993, 1994, 1996, 1998, 1999, 2001, 2003, 2004, 2006, 2009, 2010, 2011, 2012, 2013, 2018 e 2020.<\/span><\/td>\n<\/tr>\n<tr style=\"height: 24px;\">\n<td style=\"height: 24px;\" colspan=\"3\"><b>Regionais<\/b><\/td>\n<\/tr>\n<tr style=\"height: 72px;\">\n<td style=\"height: 72px;\"><span style=\"font-weight: 400;\">Campeonato do Porto<\/span><\/td>\n<td style=\"height: 72px; text-align: center;\"><span style=\"font-weight: 400;\">30<\/span><\/td>\n<td style=\"height: 72px;\"><span style=\"font-weight: 400;\">1914-1915, 1915-1916, 1916-1917, 1918-1919, 1919-1920, 1920-1921, 1921-1922, 1922-1923, 1923-1924, 1924-1925, 1925-1926, 1926-1927, 1927-1928, 1928-1929, 1929-1930, 1930-1931, 1931-1932, 1932-1933, 1933-1934, 1934-1935, 1935-1936, 1936-1937, 1937-1938, 1938-1939, 1940-1941, 1942-1943, 1943-1944, 1944-1945, 1945-1946, 1946-1947<\/span><\/td>\n<\/tr>\n<tr style=\"height: 48px;\">\n<td style=\"height: 48px;\"><span style=\"font-weight: 400;\">Ta\u00e7a da AF Porto<\/span><\/td>\n<td style=\"height: 48px; text-align: center;\"><span style=\"font-weight: 400;\">14<\/span><\/td>\n<td style=\"height: 48px;\"><span style=\"font-weight: 400;\">1915-1916, 1916-1917, 1947-1948, 1956-1957, 1957-1958, 1959-1960, 1960-1961, 1961-1962, 1962-1963, 1963-1964, 1964-1965, 1965-1966, 1980-1981, 1983-1984.<\/span><\/td>\n<\/tr>\n<\/tbody>\n<\/table>\n<p><span style=\"font-weight: 400;\">\u00a0<\/span><\/p>\n<h3><b>Contatos<\/b><\/h3>\n<p><span style=\"font-weight: 400;\">\u00a0<\/span><\/p>\n<p><b>Site:<\/b><a href=\"https:\/\/www.fcporto.pt\/\"> <span style=\"font-weight: 400;\">fcporto.pt<\/span><\/a><\/p>\n<p><span style=\"font-weight: 400;\">\u00a0<\/span><\/p>\n<p><b>Contato do suporte<\/b><\/p>\n<p><span style=\"font-weight: 400;\">\u00a0<\/span><\/p>\n<p><b>E-mail:<\/b><span style=\"font-weight: 400;\"> suporte@fcporto.pt<\/span><\/p>\n<p><b>Telefone:<\/b><span style=\"font-weight: 400;\"> (+351) 22 508 33 52<\/span><\/p>\n<p><span style=\"font-weight: 400;\">\u00a0<\/span><\/p>\n<p><b>Endere\u00e7o:<\/b><span style=\"font-weight: 400;\"> Est\u00e1dio do Drag\u00e3o<\/span><\/p>\n<p><span style=\"font-weight: 400;\">Via Futebol Clube do Porto, Entrada Nascente, Porta 15, Piso 3<\/span><\/p>\n<p><span style=\"font-weight: 400;\">4350-415 Porto<\/span><\/p>\n<p><span style=\"font-weight: 400;\">\u00a0<\/span><\/p>\n<p><b>Telefone:<\/b><span style=\"font-weight: 400;\"> (+351) 225 570 400<\/span><\/p>\n<p><b>Fax:<\/b><span style=\"font-weight: 400;\"> (+351) 225 570 498<\/span><\/p>\n<p><b>E-mail:<\/b><span style=\"font-weight: 400;\"> fcporto@fcporto.pt<\/span><\/p>\n<p><span style=\"font-weight: 400;\">\u00a0<\/span><\/p>\n<p><span style=\"font-weight: 400;\">Para mais contatos do clube, acesse a<\/span><a href=\"https:\/\/www.fcporto.pt\/pt\/contactos\"><span style=\"font-weight: 400;\"> p\u00e1gina<\/span><\/a><span style=\"font-weight: 400;\">.<\/span><\/p>\n<p><span style=\"font-weight: 400;\">\u00a0<\/span><\/p>\n<h3><b>Acredita\u00e7\u00f5es do Porto<\/b><\/h3>\n<p><span style=\"font-weight: 400;\">\u00a0<\/span><\/p>\n<p><span style=\"font-weight: 400;\">O Porto informa que os pedidos de acredita\u00e7\u00e3o sejam enviados para o e-mail: acreditacoes@fcporto.pt .<\/span><\/p>\n<p><span style=\"font-weight: 400;\">Enfim, para mais informa\u00e7\u00f5es sobre os testes e como se inscrever, acesse a se\u00e7\u00e3o de<\/span><a href=\"https:\/\/www.fcporto.pt\/pt\/acreditacoes\"> <span style=\"font-weight: 400;\">acredita\u00e7\u00f5es<\/span><\/a><span style=\"font-weight: 400;\">.<\/span><\/p>\n<p><span style=\"font-weight: 400;\">\u00a0<\/span><\/p>\n<h2><b><img loading=\"lazy\" decoding=\"async\" class=\"size-medium wp-image-3594 alignleft\" src=\"https:\/\/dnacidadania.com.br\/antigo\/wp-content\/uploads\/2022\/07\/santa-clara-273x300.png\" alt=\"\" width=\"273\" height=\"300\" srcset=\"https:\/\/www.dnacidadania.com.br\/antigo\/wp-content\/uploads\/2022\/07\/santa-clara-273x300.png 273w, https:\/\/www.dnacidadania.com.br\/antigo\/wp-content\/uploads\/2022\/07\/santa-clara.png 328w\" sizes=\"auto, (max-width: 273px) 100vw, 273px\" \/>Clube Desportivo Santa Clara<\/b><\/h2>\n<p><span style=\"font-weight: 400;\">\u00a0<\/span><\/p>\n<p><span style=\"font-weight: 400;\">O <\/span><b>Clube Desportivo Santa Clara<\/b><span style=\"font-weight: 400;\"> est\u00e1 localizado em Ponta Delgada, na Ilha de S\u00e3o Miguel, nos A\u00e7ores.<\/span><\/p>\n<p><span style=\"font-weight: 400;\">O <\/span><b>Santa Clara<\/b><span style=\"font-weight: 400;\"> foi fundado em 12 de maio de 1927.<\/span><\/p>\n<p><span style=\"font-weight: 400;\">O time tem como maiores conquistas o Campeonato Nacional da II Liga em 2000\/2001; do Campeonato Nacional da 2\u00aa Divis\u00e3o em 1997\/1998, al\u00e9m de tr\u00eas presen\u00e7as no Campeonato Nacional da 1\u00aa Divis\u00e3o.<\/span><\/p>\n<p><span style=\"font-weight: 400;\">Al\u00e9m disso, na temporada 2018-2019, a equipe garantiu acesso \u00e0 Primeira Liga depois de 15 anos jogando na Segunda Liga.<\/span><\/p>\n<p><span style=\"font-weight: 400;\">O Est\u00e1dio de S\u00e3o Miguel \u00e9 a casa do time a\u00e7oriano.<\/span><\/p>\n<p><span style=\"font-weight: 400;\">Por fim, Ricardo Pacheco \u00e9 o presidente e M\u00e1rio Silva \u00e9 o t\u00e9cnico da equipe.<\/span><\/p>\n<p><span style=\"font-weight: 400;\">\u00a0<\/span><\/p>\n<h3><b>Contatos<\/b><\/h3>\n<p><span style=\"font-weight: 400;\">\u00a0<\/span><\/p>\n<p><b>Site:<\/b><a href=\"https:\/\/cdsantaclara.com\"> <span style=\"font-weight: 400;\">cdsantaclara.com<\/span><\/a><\/p>\n<p><span style=\"font-weight: 400;\">\u00a0<\/span><\/p>\n<p><span style=\"font-weight: 400;\">Loja Santa Clara<\/span><\/p>\n<p><span style=\"font-weight: 400;\">Rua A\u00e7oreano Oriental, n\u00ba44<\/span><\/p>\n<p><span style=\"font-weight: 400;\">9500-013 Ponta Delgada, A\u00e7ores<\/span><\/p>\n<p><span style=\"font-weight: 400;\">\u00a0<\/span><\/p>\n<p><b>Telefone:<\/b><span style=\"font-weight: 400;\"> 296 306 400<\/span><\/p>\n<p><b>Email:<\/b><span style=\"font-weight: 400;\"> info@cdsantaclara.com<\/span><\/p>\n<p><b>Bilheteria:<\/b><span style=\"font-weight: 400;\"> bilheteiras@cdsantaclara.com<\/span><\/p>\n<p><b>Comunica\u00e7\u00e3o:<\/b><span style=\"font-weight: 400;\"> comunicacao@cdsantaclara.com<\/span><\/p>\n<p><b>S\u00f3cios:<\/b><span style=\"font-weight: 400;\"> socios@cdsantaclara.com<\/span><\/p>\n<p><b>Contabilidade:<\/b><span style=\"font-weight: 400;\"> contabilidade@cdsantaclara.com<\/span><\/p>\n<p><span style=\"font-weight: 400;\">\u00a0<\/span><\/p>\n<h3><b>Acredita\u00e7\u00f5es do Santa Clara<\/b><\/h3>\n<p><span style=\"font-weight: 400;\">\u00a0<\/span><\/p>\n<p><b>Forma\u00e7\u00e3o CDSC<\/b><\/p>\n<p><span style=\"font-weight: 400;\">\u00a0<\/span><\/p>\n<p><b>E-mail:<\/b><span style=\"font-weight: 400;\"> formacao@cdsantaclara.com<\/span><\/p>\n<p><span style=\"font-weight: 400;\">\u00a0<\/span><\/p>\n<p><span style=\"font-weight: 400;\">Para se inscrever em uma peneira e jogar futebol em Portugal, basta preencher a ficha dispon\u00edvel no site clicando<\/span><a href=\"https:\/\/cdsantaclara.com\/acreditacao\/?doing_wp_cron=1657124866.1683280467987060546875\"> <span style=\"font-weight: 400;\">aqui<\/span><\/a><span style=\"font-weight: 400;\">.<\/span><\/p>\n<p><span style=\"font-weight: 400;\">\u00a0<\/span><\/p>\n<h2><b><img loading=\"lazy\" decoding=\"async\" class=\"size-medium wp-image-3595 alignleft\" src=\"https:\/\/dnacidadania.com.br\/antigo\/wp-content\/uploads\/2022\/07\/sporting-224x300.png\" alt=\"\" width=\"224\" height=\"300\" srcset=\"https:\/\/www.dnacidadania.com.br\/antigo\/wp-content\/uploads\/2022\/07\/sporting-224x300.png 224w, https:\/\/www.dnacidadania.com.br\/antigo\/wp-content\/uploads\/2022\/07\/sporting.png 298w\" sizes=\"auto, (max-width: 224px) 100vw, 224px\" \/>Sporting Clube de Portugal<\/b><\/h2>\n<p><span style=\"font-weight: 400;\">\u00a0<\/span><\/p>\n<p><span style=\"font-weight: 400;\">O <\/span><b>Sporting Clube de Portugal<\/b><span style=\"font-weight: 400;\">, mais conhecido como <\/span><b>Sporting<\/b><span style=\"font-weight: 400;\">, completa os \u201cTr\u00eas Grandes\u201d de Portugal. Est\u00e1 localizado na capital Lisboa e foi fundado em 1 de julho de 1906.<\/span><\/p>\n<p><span style=\"font-weight: 400;\">O Sporting \u00e9 o terceiro clube com mais torcedores, com 175 mil associados e mais de 600 mil ao redor do mundo. Ele \u00e9 superado pelos seus rivais Porto e Benfica, respectivamente.<\/span><\/p>\n<p><span style=\"font-weight: 400;\">O time joga no Est\u00e1dio Jos\u00e9 Alvalade com capacidade para 50 mil torcedores.<\/span><\/p>\n<p><span style=\"font-weight: 400;\">O clube revelou grandes jogadores do futebol mundial como: Cristiano Ronaldo, Lu\u00eds Figo e o goleiro da sele\u00e7\u00e3o portuguesa Rui Patr\u00edcio. Al\u00e9m deles, o brasileiro naturalizado portugu\u00eas Li\u00e9dson \u00e9 \u00eddolo do Sporting.<\/span><\/p>\n<p><span style=\"font-weight: 400;\">Al\u00e9m disso, o clube conta com diversas outras modalidades esportivas sendo mais conhecido pelo futebol.<\/span><\/p>\n<p><span style=\"font-weight: 400;\">Por fim, o clube lisboeta \u00e9 presidido por Frederico Varandas e R\u00faben Amorim treina os jogadores.<\/span><\/p>\n<p><span style=\"font-weight: 400;\">\u00a0<\/span><\/p>\n<h3><b>T\u00edtulos<\/b><\/h3>\n<p><span style=\"font-weight: 400;\">\u00a0<\/span><\/p>\n<table>\n<tbody>\n<tr>\n<td colspan=\"3\"><b>Continentais<\/b><\/td>\n<\/tr>\n<tr>\n<td><b>Campeonatos<\/b><\/td>\n<td><b>Quantidade<\/b><\/td>\n<td><b>Anos<\/b><\/td>\n<\/tr>\n<tr>\n<td><span style=\"font-weight: 400;\">Ta\u00e7as das Ta\u00e7as<\/span><\/td>\n<td style=\"text-align: center;\"><span style=\"font-weight: 400;\">1<\/span><\/td>\n<td><span style=\"font-weight: 400;\">1963-1964<\/span><\/td>\n<\/tr>\n<tr>\n<td><span style=\"font-weight: 400;\">Ta\u00e7a Intertoto da UEFA<\/span><\/td>\n<td style=\"text-align: center;\"><span style=\"font-weight: 400;\">1<\/span><\/td>\n<td><span style=\"font-weight: 400;\">1968<\/span><\/td>\n<\/tr>\n<tr>\n<td colspan=\"3\"><b>Nacionais<\/b><\/td>\n<\/tr>\n<tr>\n<td><span style=\"font-weight: 400;\">Campeonato Portugu\u00eas<\/span><\/td>\n<td style=\"text-align: center;\"><span style=\"font-weight: 400;\">19<\/span><\/td>\n<td><span style=\"font-weight: 400;\">1940-1941, 1943-1944, 1946-1947, 1947-1948, 1948-1949, 1950-1951, 1951-1952, 1952-1953, 1953-1954, 1957-1958, 1961-1962, 1965-1966, 1969-1970, 1973-1974, 1979-1980, 1981-1982, 1999-2000, 2001-2002 e 2020-2021<\/span><\/td>\n<\/tr>\n<tr>\n<td><span style=\"font-weight: 400;\">Ta\u00e7a de Portugal<\/span><\/td>\n<td style=\"text-align: center;\"><span style=\"font-weight: 400;\">17<\/span><\/td>\n<td><span style=\"font-weight: 400;\">1940-1941, 1944-1945, 1945-1946, 1947-1948, 1953-1954, 1962-1963, 1970-1971, 1972-1973, 1973-1974, 1977-1978, 1981-1982, 1994-1995, 2001-2002, 2006-2007, 2007-2008, 2014-2015 e 2018-2019<\/span><\/td>\n<\/tr>\n<tr>\n<td><span style=\"font-weight: 400;\">Campeonato de Portugal<\/span><\/td>\n<td style=\"text-align: center;\"><span style=\"font-weight: 400;\">4<\/span><\/td>\n<td><span style=\"font-weight: 400;\">1922-1923, 1933-1934, 1935-1936, 1937-1938.<\/span><\/td>\n<\/tr>\n<tr>\n<td><span style=\"font-weight: 400;\">Ta\u00e7a da Liga<\/span><\/td>\n<td style=\"text-align: center;\"><span style=\"font-weight: 400;\">4<\/span><\/td>\n<td><span style=\"font-weight: 400;\">2017-2018, 2018-2019, 2020-2021, 2021-2022<\/span><\/td>\n<\/tr>\n<tr>\n<td><span style=\"font-weight: 400;\">Superta\u00e7a C\u00e2ndido de Oliveira<\/span><\/td>\n<td style=\"text-align: center;\"><span style=\"font-weight: 400;\">9<\/span><\/td>\n<td><span style=\"font-weight: 400;\">1982, 1987, 1995, 2000, 2002, 2007, 2008, 2015 e 2021<\/span><\/td>\n<\/tr>\n<tr>\n<td><span style=\"font-weight: 400;\">Ta\u00e7a Imp\u00e9rio<\/span><\/td>\n<td style=\"text-align: center;\"><span style=\"font-weight: 400;\">1<\/span><\/td>\n<td><span style=\"font-weight: 400;\">1944<\/span><\/td>\n<\/tr>\n<tr>\n<td colspan=\"3\"><b>Regionais<\/b><\/td>\n<\/tr>\n<tr>\n<td><span style=\"font-weight: 400;\">Campeonato de Lisboa<\/span><\/td>\n<td style=\"text-align: center;\"><span style=\"font-weight: 400;\">19<\/span><\/td>\n<td><span style=\"font-weight: 400;\">1914-1915, 1918-1919, 1921-1922, 1922-1923, 1924-1925, 1927-1928, 1930-1931, 1933-1934, 1934-1935, 1935-1936, 1936-1937, 1937-1938, 1938-1939, 1940-1941, 1941-1942, 1942-1943, 1944-1945, 1946-1947 e 1947-1948<\/span><\/td>\n<\/tr>\n<tr>\n<td><span style=\"font-weight: 400;\">Ta\u00e7a de Honra de Lisboa<\/span><\/td>\n<td style=\"text-align: center;\"><span style=\"font-weight: 400;\">13<\/span><\/td>\n<td><span style=\"font-weight: 400;\">1914-1915, 1915-1916, 1916-1917, 1947-1948, 1961-1962, 1963-1964, 1965-1966, 1970-1971, 1984-1985, 1990-1991, 1991-1992, 2013-2014 e 2014-2015<\/span><\/td>\n<\/tr>\n<\/tbody>\n<\/table>\n<p><span style=\"font-weight: 400;\">\u00a0<\/span><\/p>\n<h3><b>Contatos<\/b><\/h3>\n<p><span style=\"font-weight: 400;\">\u00a0<\/span><\/p>\n<p><b>Site:<\/b><a href=\"https:\/\/www.sporting.pt\/\"> <span style=\"font-weight: 400;\">sporting.pt<\/span><\/a><\/p>\n<p><span style=\"font-weight: 400;\">\u00a0<\/span><\/p>\n<p><b>Endere\u00e7o: <\/b><span style=\"font-weight: 400;\">Est\u00e1dio Jos\u00e9 Alvalade<\/span><\/p>\n<p><span style=\"font-weight: 400;\">Rua Professor Fernando da Fonseca Apartado 4120,<\/span><\/p>\n<p><span style=\"font-weight: 400;\">1501-806 Lisboa<\/span><\/p>\n<p><b>Telefone:<\/b><span style=\"font-weight: 400;\"> (+351) 217 516 000<\/span><\/p>\n<p><span style=\"font-weight: 400;\">\u00a0<\/span><\/p>\n<p><b>Funda\u00e7\u00e3o do Sporting<\/b><\/p>\n<p><span style=\"font-weight: 400;\">\u00a0<\/span><\/p>\n<p><b>Telefone:<\/b><span style=\"font-weight: 400;\"> (+351) 217 516 000<\/span><\/p>\n<p><b>E-mail:<\/b><span style=\"font-weight: 400;\"> geral.fundacao@sporting.pt<\/span><\/p>\n<p><span style=\"font-weight: 400;\">\u00a0<\/span><\/p>\n<p><b>Visitas ao Museu e Est\u00e1dio<\/b><\/p>\n<p><span style=\"font-weight: 400;\">\u00a0<\/span><\/p>\n<p><b>Telefone:<\/b><span style=\"font-weight: 400;\"> (+351) 217 516 164<\/span><\/p>\n<p><b>E-mail:<\/b><span style=\"font-weight: 400;\"> museu@sporting.pt<\/span><\/p>\n<p><span style=\"font-weight: 400;\">\u00a0<\/span><\/p>\n<p><b>Contatos Media<\/b><\/p>\n<p><b>E-mail:<\/b><span style=\"font-weight: 400;\"> media@sporting.pt<\/span><\/p>\n<p><span style=\"font-weight: 400;\">\u00a0<\/span><\/p>\n<p><span style=\"font-weight: 400;\">Al\u00e9m dos contatos supracitados, h\u00e1 muitos outros referentes a diversas \u00e1reas do clube, para acessar todos, basta clicar<\/span><a href=\"https:\/\/www.sporting.pt\/pt\/CONTACTOS\"> <span style=\"font-weight: 400;\">aqui<\/span><\/a><span style=\"font-weight: 400;\">.<\/span><\/p>\n<p><span style=\"font-weight: 400;\">\u00a0<\/span><\/p>\n<h3><b>Acredita\u00e7\u00f5es do Sporting<\/b><\/h3>\n<p><span style=\"font-weight: 400;\">\u00a0<\/span><\/p>\n<p><span style=\"font-weight: 400;\">Para completar, o Sporting conta com um sistema de academias pr\u00f3prias do clube na forma\u00e7\u00e3o de atletas e treinadores, para acessar e ter mais informa\u00e7\u00f5es, entre<\/span><a href=\"https:\/\/escolasacademia.sporting.pt\/pt\/escolas\"> <span style=\"font-weight: 400;\">aqui<\/span><\/a><span style=\"font-weight: 400;\">.<\/span><\/p>\n<p><span style=\"font-weight: 400;\">\u00a0<\/span><\/p>\n<h2><b><img loading=\"lazy\" decoding=\"async\" class=\"size-medium wp-image-3596 alignleft\" src=\"https:\/\/dnacidadania.com.br\/antigo\/wp-content\/uploads\/2022\/07\/tondela-263x300.png\" alt=\"\" width=\"263\" height=\"300\" srcset=\"https:\/\/www.dnacidadania.com.br\/antigo\/wp-content\/uploads\/2022\/07\/tondela-263x300.png 263w, https:\/\/www.dnacidadania.com.br\/antigo\/wp-content\/uploads\/2022\/07\/tondela.png 294w\" sizes=\"auto, (max-width: 263px) 100vw, 263px\" \/>Clube Desportivo de Tondela<\/b><\/h2>\n<p><span style=\"font-weight: 400;\">\u00a0<\/span><\/p>\n<p><span style=\"font-weight: 400;\">O <\/span><b>Clube Desportivo de Tondela<\/b><span style=\"font-weight: 400;\"> \u00e9 um clube multidesportivo da cidade de Tondela. A data de 6 de junho de 1933 marca a sua funda\u00e7\u00e3o.<\/span><\/p>\n<p><span style=\"font-weight: 400;\">A casa do <\/span><b>Tondela<\/b><span style=\"font-weight: 400;\"> \u00e9 o Est\u00e1dio Jo\u00e3o Cardoso com capacidade para 5 mil torcedores.<\/span><\/p>\n<p><span style=\"font-weight: 400;\">O presidente da equipe Beir\u00e3o \u00e9 Gilberto Neves Coimbra e Toz\u00e9 Marreco, por sua vez, \u00e9 o treinador.<\/span><\/p>\n<p><span style=\"font-weight: 400;\">O time tondelense tem como sua maior conquista o t\u00edtulo de Campe\u00e3o Nacional da Segunda Liga em 2014-2015 e assim foi promovido \u00e0 Primeira Liga.\u00a0<\/span><\/p>\n<p><span style=\"font-weight: 400;\">Desde ent\u00e3o s\u00e3o sete participa\u00e7\u00f5es consecutivas na elite do futebol portugu\u00eas. Ainda mais, o time foi finalista da Ta\u00e7a de Portugal da temporada 2021-2022.<\/span><\/p>\n<p><span style=\"font-weight: 400;\">\u00a0<\/span><\/p>\n<h3><b>Contatos<\/b><\/h3>\n<p><span style=\"font-weight: 400;\">\u00a0<\/span><\/p>\n<p><b>Site:<\/b><a href=\"https:\/\/cdtondela.pt\/\"> <span style=\"font-weight: 400;\">cdtondela.pt<\/span><\/a><\/p>\n<p><span style=\"font-weight: 400;\">\u00a0<\/span><\/p>\n<p><b>Endere\u00e7o: <\/b><span style=\"font-weight: 400;\">Complexo Desportivo Est\u00e1dio Jo\u00e3o Cardoso<\/span><\/p>\n<p><span style=\"font-weight: 400;\">Rua Dr. Eurico Jos\u00e9 Gouveia n\u00ba365<\/span><\/p>\n<p><span style=\"font-weight: 400;\">3460-582 &#8211; TONDELA<\/span><\/p>\n<p><span style=\"font-weight: 400;\">\u00a0<\/span><\/p>\n<p><b>Telefone\/Fax:<\/b><span style=\"font-weight: 400;\"> (+351) 232 821 447<\/span><\/p>\n<p><span style=\"font-weight: 400;\">\u00a0<\/span><\/p>\n<p><b>E-mails<\/b><\/p>\n<p><span style=\"font-weight: 400;\">\u00a0<\/span><\/p>\n<p><span style=\"font-weight: 400;\">Geral &#8211; geral@cdtondela.pt<\/span><\/p>\n<p><span style=\"font-weight: 400;\">Loja CDT &#8211; loja.cdt@cdtondela.pt<\/span><\/p>\n<p><span style=\"font-weight: 400;\">Rela\u00e7\u00f5es P\u00fablicas &#8211; rpublicas@cdtondela.pt<\/span><\/p>\n<p><span style=\"font-weight: 400;\">Comunica\u00e7\u00e3o Social\/ Acredita\u00e7\u00f5es &#8211; imprensa@cdtondela.pt<\/span><\/p>\n<p><span style=\"font-weight: 400;\">Forma\u00e7\u00e3o &#8211; formacao@cdtondela.pt<\/span><\/p>\n<p><span style=\"font-weight: 400;\">\u00a0<\/span><\/p>\n<p><span style=\"font-weight: 400;\">Por fim, o Tondela n\u00e3o d\u00e1 informa\u00e7\u00e3o sobre a acredita\u00e7\u00e3o.<\/span><\/p>\n<p><span style=\"font-weight: 400;\">\u00a0<\/span><\/p>\n<h2><b><img loading=\"lazy\" decoding=\"async\" class=\"size-medium wp-image-3597 alignleft\" src=\"https:\/\/dnacidadania.com.br\/antigo\/wp-content\/uploads\/2022\/07\/vitoriaguimaraes-222x300.png\" alt=\"\" width=\"222\" height=\"300\" srcset=\"https:\/\/www.dnacidadania.com.br\/antigo\/wp-content\/uploads\/2022\/07\/vitoriaguimaraes-222x300.png 222w, https:\/\/www.dnacidadania.com.br\/antigo\/wp-content\/uploads\/2022\/07\/vitoriaguimaraes.png 300w\" sizes=\"auto, (max-width: 222px) 100vw, 222px\" \/>Vit\u00f3ria Sport Clube<\/b><\/h2>\n<p><span style=\"font-weight: 400;\">\u00a0<\/span><\/p>\n<p><span style=\"font-weight: 400;\">O <\/span><b>Vit\u00f3ria Sport Clube<\/b><span style=\"font-weight: 400;\"> foi fundado em 22 de setembro de 1922 e est\u00e1 localizado na cidade de Guimar\u00e3es, ao norte do pa\u00eds.<\/span><\/p>\n<p><span style=\"font-weight: 400;\">Possui outras modalidade esportivas como voleibol, basquetebol, futebol de praia, nata\u00e7\u00e3o, p\u00f3lo aqu\u00e1tico, jiu-jitsu, taekwondo, kickboxing e v\u00e1rias outras, mas o futebol \u00e9 a principal delas.<\/span><\/p>\n<p><span style=\"font-weight: 400;\">D. Afonso Henriques \u00e9 o est\u00e1dio do Vit\u00f3ria. O clube conta com Ant\u00f3nio Miguel Cardoso, como presidente, e Pepa, como treinador do time de futebol.<\/span><\/p>\n<p><span style=\"font-weight: 400;\">\u00c9 o quinto clube portugu\u00eas com mais participa\u00e7\u00f5es na Primeira Liga. S\u00e3o 77 ao todo. Al\u00e9m disso, disputou as eliminat\u00f3rias da Liga dos Campe\u00f5es, a principal competi\u00e7\u00e3o europeia organizada pela UEFA. Disputou tamb\u00e9m a Liga Europa e a Liga Confer\u00eancia Europa da UEFA.<\/span><\/p>\n<p><span style=\"font-weight: 400;\">Vejamos outros t\u00edtulos a seguir.<\/span><\/p>\n<p><span style=\"font-weight: 400;\">\u00a0<\/span><\/p>\n<h3><b>T\u00edtulos<\/b><\/h3>\n<p><span style=\"font-weight: 400;\">\u00a0<\/span><\/p>\n<table>\n<tbody>\n<tr>\n<td><b>Campeonatos<\/b><\/td>\n<td><b>Quantidade<\/b><\/td>\n<td><b>Anos<\/b><\/td>\n<\/tr>\n<tr>\n<td><span style=\"font-weight: 400;\">Ta\u00e7a de Portugal<\/span><\/td>\n<td style=\"text-align: center;\"><span style=\"font-weight: 400;\">1<\/span><\/td>\n<td><span style=\"font-weight: 400;\">2012-2013<\/span><\/td>\n<\/tr>\n<tr>\n<td><span style=\"font-weight: 400;\">Superta\u00e7a C\u00e2ndido de Oliveira<\/span><\/td>\n<td style=\"text-align: center;\"><span style=\"font-weight: 400;\">1<\/span><\/td>\n<td><span style=\"font-weight: 400;\">1988<\/span><\/td>\n<\/tr>\n<tr>\n<td><span style=\"font-weight: 400;\">AF Braga Ta\u00e7a<\/span><\/td>\n<td style=\"text-align: center;\"><span style=\"font-weight: 400;\">1<\/span><\/td>\n<td><span style=\"font-weight: 400;\">1964-1965<\/span><\/td>\n<\/tr>\n<tr>\n<td><span style=\"font-weight: 400;\">AF Braga Ta\u00e7a de Honra\u00a0<\/span><\/td>\n<td style=\"text-align: center;\"><span style=\"font-weight: 400;\">4<\/span><\/td>\n<td><span style=\"font-weight: 400;\">1978-1979, 1981-1982, 1982-1983, 1983-1984<\/span><\/td>\n<\/tr>\n<tr>\n<td><span style=\"font-weight: 400;\">Campeonato Distrital da Promo\u00e7\u00e3o<\/span><\/td>\n<td style=\"text-align: center;\"><span style=\"font-weight: 400;\">12<\/span><\/td>\n<td><span style=\"font-weight: 400;\">1933-1934, 1936-1937, 1937-1938, 1938-1939, 1939-1940, 1940-1941,<\/span><\/p>\n<p><span style=\"font-weight: 400;\">1941-1942, 1942-1943, 1943-1944, 1944-1945, 1945-1946, 1946-1947<\/span><\/td>\n<\/tr>\n<\/tbody>\n<\/table>\n<p><span style=\"font-weight: 400;\">\u00a0<\/span><\/p>\n<h3><b>Contatos<\/b><\/h3>\n<p><span style=\"font-weight: 400;\">\u00a0<\/span><\/p>\n<p><b>Endere\u00e7o: <\/b><span style=\"font-weight: 400;\">Est\u00e1dio D. Afonso Henriques<\/span><\/p>\n<p><span style=\"font-weight: 400;\">Pra\u00e7a 26 de Maio, 4810-914 Guimar\u00e3es<\/span><\/p>\n<p><span style=\"font-weight: 400;\">\u00a0<\/span><\/p>\n<p><b>Telefone:<\/b><span style=\"font-weight: 400;\"> (+351) 253 432 570<\/span><\/p>\n<p><b>E-mail:<\/b><span style=\"font-weight: 400;\"> geral@vitoriasc.pt<\/span><\/p>\n<p><span style=\"font-weight: 400;\">\u00a0<\/span><\/p>\n<p><span style=\"font-weight: 400;\">Al\u00e9m desse contato, \u00e9 poss\u00edvel ter acesso a muitos outros na<\/span><a href=\"https:\/\/vitoriasc.pt\/en\/contactos\/\"> <span style=\"font-weight: 400;\">p\u00e1gina<\/span><\/a><span style=\"font-weight: 400;\"> do clube.<\/span><\/p>\n<p><span style=\"font-weight: 400;\">\u00a0<\/span><\/p>\n<h3><b>Acredita\u00e7\u00f5es do Vit\u00f3ria SC<\/b><\/h3>\n<p><span style=\"font-weight: 400;\">\u00a0<\/span><\/p>\n<p><b>Endere\u00e7o: <\/b><span style=\"font-weight: 400;\">Pra\u00e7a 26 de Maio<\/span><\/p>\n<p><span style=\"font-weight: 400;\">4810-914 Guimar\u00e3es<\/span><\/p>\n<p><span style=\"font-weight: 400;\">\u00a0<\/span><\/p>\n<p><b>Telefone\/Fax:<\/b><span style=\"font-weight: 400;\"> (+351) 253 432 570<\/span><\/p>\n<p><b>E-mail:<\/b><span style=\"font-weight: 400;\"> comunicacao@vitoriasc.pt<\/span><\/p>\n<p><span style=\"font-weight: 400;\">\u00a0<\/span><\/p>\n<h2><b><img loading=\"lazy\" decoding=\"async\" class=\"size-medium wp-image-3598 alignleft\" src=\"https:\/\/dnacidadania.com.br\/antigo\/wp-content\/uploads\/2022\/07\/vizela-184x300.png\" alt=\"\" width=\"184\" height=\"300\" srcset=\"https:\/\/www.dnacidadania.com.br\/antigo\/wp-content\/uploads\/2022\/07\/vizela-184x300.png 184w, https:\/\/www.dnacidadania.com.br\/antigo\/wp-content\/uploads\/2022\/07\/vizela.png 300w\" sizes=\"auto, (max-width: 184px) 100vw, 184px\" \/>Futebol Clube de Vizela<\/b><\/h2>\n<p><span style=\"font-weight: 400;\">\u00a0<\/span><\/p>\n<p><span style=\"font-weight: 400;\">O <\/span><b>Futebol Clube de Vizela<\/b><span style=\"font-weight: 400;\"> \u00e9 da cidade de Vizela, ao norte do pa\u00eds. O clube \u00e9 uma SAD (Sociedade An\u00f3nima Desportiva), ou seja, um clube empresa. Dessa forma, a SAD \u00e9 liderada pelo presidente Diogo Godinho. J\u00e1 Eduardo Guimar\u00e3es preside o clube.<\/span><\/p>\n<p><span style=\"font-weight: 400;\">O <\/span><b>Vizela<\/b><span style=\"font-weight: 400;\"> foi fundado em 1.\u00ba de janeiro de 1939 e sua casa \u00e9 o Est\u00e1dio do Futebol Clube de Vizela com capacidade para 6 mil torcedores.<\/span><\/p>\n<p><span style=\"font-weight: 400;\">\u00a0<\/span><\/p>\n<h3><b>T\u00edtulos<\/b><\/h3>\n<p><span style=\"font-weight: 400;\">\u00a0<\/span><\/p>\n<p><span style=\"font-weight: 400;\">O Vizela apenas possui um t\u00edtulo da Segunda Divis\u00e3o B, em 2004-2005, e dois t\u00edtulos da Terceira Divis\u00e3o, em 1966-1967 e 1981-1982.<\/span><\/p>\n<p><span style=\"font-weight: 400;\">\u00a0<\/span><\/p>\n<h3><b>Contatos<\/b><\/h3>\n<p><span style=\"font-weight: 400;\">\u00a0<\/span><\/p>\n<p><b>Endere\u00e7o: <\/b><span style=\"font-weight: 400;\">Rua Jos\u00e9 Fernando da Costa Vieira<\/span><\/p>\n<p><span style=\"font-weight: 400;\">4815-497 &#8211; Vizela<\/span><\/p>\n<p><span style=\"font-weight: 400;\">\u00a0<\/span><\/p>\n<p><b>Telefones: <\/b><span style=\"font-weight: 400;\">(+351) 253 488 396 e (+351) 910 694 726<\/span><\/p>\n<p><b>E-mail: <\/b><span style=\"font-weight: 400;\">loja@fcvizela.pt<\/span><\/p>\n<p><span style=\"font-weight: 400;\">\u00a0<\/span><\/p>\n<p><b>Escrit\u00f3rios da SAD<\/b><\/p>\n<p><span style=\"font-weight: 400;\">\u00a0<\/span><\/p>\n<p><b>Endere\u00e7o:<\/b><span style=\"font-weight: 400;\">Rua Jos\u00e9 Fernando Da Costa Vieira<\/span><\/p>\n<p><span style=\"font-weight: 400;\">4815-497 &#8211; Vizela<\/span><\/p>\n<p><span style=\"font-weight: 400;\">\u00a0<\/span><\/p>\n<p><b>Telefone: <\/b><span style=\"font-weight: 400;\">(+351) 910 694 726<\/span><\/p>\n<p><b>E-mail: <\/b><span style=\"font-weight: 400;\">sad@fcvizela.pt<\/span><\/p>\n<p><span style=\"font-weight: 400;\">\u00a0<\/span><\/p>\n<p><b>Outros contatos<\/b><\/p>\n<p><span style=\"font-weight: 400;\">\u00a0<\/span><\/p>\n<p><b>Institucional<\/b><\/p>\n<p><span style=\"font-weight: 400;\">\u00a0<\/span><\/p>\n<p><b>E-mails: <\/b><span style=\"font-weight: 400;\">geral@fcvizela.pt \/ clube@fcvizela.pt \/ formacao@fcvizela.pt<\/span><\/p>\n<p><span style=\"font-weight: 400;\">\u00a0<\/span><\/p>\n<p><b>Loja e atendimento aos s\u00f3cios<\/b><\/p>\n<p><span style=\"font-weight: 400;\">\u00a0<\/span><\/p>\n<p><b>E-mails: <\/b><span style=\"font-weight: 400;\">loja@fcvizela.pt \/ ola@fcvizela.pt<\/span><\/p>\n<p><span style=\"font-weight: 400;\">\u00a0<\/span><\/p>\n<p><b>Imprensa<\/b><\/p>\n<p><span style=\"font-weight: 400;\">\u00a0<\/span><\/p>\n<p><b>E-mail: <\/b><span style=\"font-weight: 400;\">press@fcvizela.pt<\/span><\/p>\n<p><span style=\"font-weight: 400;\">\u00a0<\/span><\/p>\n<h3><b>Acredita\u00e7\u00f5es do Vizela<\/b><\/h3>\n<p><span style=\"font-weight: 400;\">\u00a0<\/span><\/p>\n<p><span style=\"font-weight: 400;\">Para se inscrever em um jogo teste, basta preencher a ficha dispon\u00edvel no<\/span><a href=\"https:\/\/fcvizela.pt\/acreditacao\/\"> <span style=\"font-weight: 400;\">site<\/span><\/a><span style=\"font-weight: 400;\">.<\/span><\/p>\n<p><span style=\"font-weight: 400;\">\u00a0<\/span><\/p>\n<h2><b>Como jogar futebol em Portugal?<\/b><\/h2>\n<p><span style=\"font-weight: 400;\">\u00a0<\/span><\/p>\n<p><span style=\"font-weight: 400;\">Depois de conhecer como funciona o futebol portugu\u00eas, os principais jogadores da atualidade e os clubes,\u00a0 vamos falar agora de como se tornar um jogador de futebol e jogar em Portugal. Acompanhe.<\/span><\/p>\n<p><span style=\"font-weight: 400;\">Portugal \u00e9 um pa\u00eds importador de jogadores.<\/span><\/p>\n<p><span style=\"font-weight: 400;\">Em 2020, s\u00f3 na primeira divis\u00e3o, 60% dos jogadores eram estrangeiros. Um total de 345.<\/span><\/p>\n<p><span style=\"font-weight: 400;\">Na atual temporada 2021-2022, h\u00e1 129 estrangeiros na primeira divis\u00e3o.<\/span><\/p>\n<p><span style=\"font-weight: 400;\">H\u00e1 algumas vantagens para <a href=\"https:\/\/dnacidadania.com.br\/antigo\/sair-do-brasil\/\">brasileiros escolherem Portugal<\/a> para alavancar a carreira profissional.\u00a0<\/span><\/p>\n<p><span style=\"font-weight: 400;\">Aqui se fala a mesma l\u00edngua, a cultura \u00e9 de f\u00e1cil adapta\u00e7\u00e3o e, al\u00e9m disso, Brasil e Portugal possuem o Estatuto de Igualdade. Trata-se de um acordo assinado em 7 de setembro de 1971.<\/span><\/p>\n<p><span style=\"font-weight: 400;\">Esse acordo, como resultado, deu igualdade de direitos a brasileiros e portugueses.<\/span><\/p>\n<p><span style=\"font-weight: 400;\">Os brasileiros podem jogar em Portugal e assim n\u00e3o gastam as seis vagas dispon\u00edveis a jogadores estrangeiros (quatro em campo). Ou seja, o brasileiro n\u00e3o conta como estrangeiro.\u00a0<\/span><\/p>\n<p><span style=\"font-weight: 400;\">Dessa forma, <a href=\"https:\/\/dnacidadania.com.br\/antigo\/por-que-os-brasileiros-estao-buscando-a-cidadania-portuguesa\/\">Portugal \u00e9 uma porta de entrada para muitos brasileiros<\/a>.<\/span><\/p>\n<p><span style=\"font-weight: 400;\">Por esse motivo, os clubes portugueses veem vantagem em contratar jogadores brasileiros. Mas n\u00e3o basta apenas ser brasileiro, tem que ser bom pois h\u00e1 muitos brasileiros jogando aqui.<\/span><\/p>\n<p><span style=\"font-weight: 400;\">\u00a0<\/span><\/p>\n<h2><b>Como se tornar um jogador de futebol e jogar em Portugal?<\/b><\/h2>\n<p><span style=\"font-weight: 400;\">\u00a0<\/span><\/p>\n<p><span style=\"font-weight: 400;\">O ideal \u00e9 que a pessoa jogue futebol desde pequeno. Ainda assim, muitos jogadores come\u00e7am na profiss\u00e3o tardiamente, por volta dos 20 anos.<\/span><\/p>\n<p><span style=\"font-weight: 400;\">Outro diferencial \u00e9 que esse jogador j\u00e1 esteja jogando futebol em algum clube no Brasil. Desse modo, \u00e9 mais f\u00e1cil ser visto por um clube portugu\u00eas e assim venha jogar futebol em Portugal.<\/span><\/p>\n<p><span style=\"font-weight: 400;\">Entretanto, muitos brasileiros se mudam para c\u00e1 e come\u00e7am a vida de jogador de futebol aqui.<\/span><\/p>\n<p><span style=\"font-weight: 400;\">Sempre tenha em mente que as vagas s\u00e3o muito concorridas. H\u00e1 muitos brasileiros jogando aqui. Por isso, quanto antes come\u00e7ar, melhor.<\/span><\/p>\n<p><span style=\"font-weight: 400;\">Vale lembrar que os times da primeira divis\u00e3o pagam os melhores sal\u00e1rios aos jogadores. J\u00e1 as equipes das divis\u00f5es inferiores, por outro lado, pagam os menores.<\/span><\/p>\n<p><span style=\"font-weight: 400;\">Uma equipe de primeira divis\u00e3o, por exemplo, como Porto e Benfica, podem pagar uma m\u00e9dia de at\u00e9 \u20ac6.000 euros para um jogador em in\u00edcio de carreira.<\/span><\/p>\n<p><span style=\"font-weight: 400;\">Em contrapartida, as equipes amadoras ou semiprofissionais n\u00e3o pagam mais do que \u20ac1.000 euros.\u00a0<\/span><\/p>\n<p><span style=\"font-weight: 400;\">Muitos jogadores em in\u00edcio de carreira possuem at\u00e9 um outro emprego para se manterem. Ganham mais conforme avan\u00e7am e, por fim, se dedicam apenas a vida esportiva.<\/span><\/p>\n<p><span style=\"font-weight: 400;\">Al\u00e9m disso, \u00e9 bom dizer que \u00e9 natural que muitos jogadores comecem nas divis\u00f5es mais baixas, amadoras ou semiprofissionais, e subam com o tempo.<\/span><\/p>\n<p><span style=\"font-weight: 400;\">\u00c9 prov\u00e1vel que voc\u00ea trilhe esse o caminho para jogar futebol em Portugal.<\/span><\/p>\n<p><span style=\"font-weight: 400;\">Enfim, e talvez o mais importante, fique atento aos testes dos times. Os clubes costumam ter uma \u00e1rea do site dedicada aos testes. \u00c9 poss\u00edvel entrar em contato por e-mail, por telefone e preencher formul\u00e1rios.<\/span><\/p>\n<p><span style=\"font-weight: 400;\">\u00a0<\/span><\/p>\n<h2><b>O que \u00e9 necess\u00e1rio para jogar futebol em Portugal?<\/b><\/h2>\n<p><span style=\"font-weight: 400;\">\u00a0<\/span><\/p>\n<p><span style=\"font-weight: 400;\">Em primeiro lugar, para jogar futebol em Portugal, o atleta deve vir acompanhado de um respons\u00e1vel se for menor de idade. Mesmo que ele seja maior de idade, a recomenda\u00e7\u00e3o \u00e9 que esteja acompanhado de um familiar.<\/span><\/p>\n<p><span style=\"font-weight: 400;\">A vida em outro pa\u00eds n\u00e3o \u00e9 f\u00e1cil. \u00c9 bom lembrar que muitos desses garotos v\u00eam jovens para c\u00e1 e a companhia de um adulto d\u00e1 mais seguran\u00e7a e evita maiores problemas.<\/span><\/p>\n<p><span style=\"font-weight: 400;\">Essa \u00e9 a nossa recomenda\u00e7\u00e3o.<\/span><\/p>\n<p><span style=\"font-weight: 400;\">Al\u00e9m disso, o atleta deve possuir toda a documenta\u00e7\u00e3o, bem como passaporte e visto para a perman\u00eancia no pa\u00eds, juntamente com o contrato do clube (se j\u00e1 tiver).<\/span><\/p>\n<p><span style=\"font-weight: 400;\">Ent\u00e3o, conte para n\u00f3s, voc\u00ea j\u00e1 conhecia o futebol portugu\u00eas?<\/span><\/p>\n<p><span style=\"font-weight: 400;\">Por fim, voc\u00ea pensa em vir jogar futebol em Portugal? Entre em contato conosco para que possamos ajud\u00e1-lo e nos acompanhe nas redes sociais para mais not\u00edcias sobre Portugal.<\/span><\/p>\n<p>&nbsp;<\/p>\n","protected":false},"excerpt":{"rendered":"<p>Voc\u00ea \u00e9 jogador de futebol e quer jogar bola em Portugal? \u00c9 f\u00e3 de futebol e quer conhecer mais sobre o futebol portugu\u00eas? Ou ainda quer se tornar um atleta aqui no pa\u00eds ib\u00e9rico? \u00a0Seja l\u00e1 qual for o seu interesse em futebol portugu\u00eas, este texto \u00e9 para voc\u00ea. \u00a0Vamos explicar tudo sobre o esporte [&hellip;]<\/p>\n","protected":false},"author":2,"featured_media":3695,"comment_status":"open","ping_status":"closed","sticky":false,"template":"","format":"standard","meta":{"footnotes":""},"categories":[5],"tags":[419,418],"class_list":["post-3555","post","type-post","status-publish","format-standard","has-post-thumbnail","hentry","category-artigos","tag-esportes","tag-futebol"],"_links":{"self":[{"href":"https:\/\/www.dnacidadania.com.br\/antigo\/wp-json\/wp\/v2\/posts\/3555","targetHints":{"allow":["GET"]}}],"collection":[{"href":"https:\/\/www.dnacidadania.com.br\/antigo\/wp-json\/wp\/v2\/posts"}],"about":[{"href":"https:\/\/www.dnacidadania.com.br\/antigo\/wp-json\/wp\/v2\/types\/post"}],"author":[{"embeddable":true,"href":"https:\/\/www.dnacidadania.com.br\/antigo\/wp-json\/wp\/v2\/users\/2"}],"replies":[{"embeddable":true,"href":"https:\/\/www.dnacidadania.com.br\/antigo\/wp-json\/wp\/v2\/comments?post=3555"}],"version-history":[{"count":14,"href":"https:\/\/www.dnacidadania.com.br\/antigo\/wp-json\/wp\/v2\/posts\/3555\/revisions"}],"predecessor-version":[{"id":3609,"href":"https:\/\/www.dnacidadania.com.br\/antigo\/wp-json\/wp\/v2\/posts\/3555\/revisions\/3609"}],"wp:featuredmedia":[{"embeddable":true,"href":"https:\/\/www.dnacidadania.com.br\/antigo\/wp-json\/wp\/v2\/media\/3695"}],"wp:attachment":[{"href":"https:\/\/www.dnacidadania.com.br\/antigo\/wp-json\/wp\/v2\/media?parent=3555"}],"wp:term":[{"taxonomy":"category","embeddable":true,"href":"https:\/\/www.dnacidadania.com.br\/antigo\/wp-json\/wp\/v2\/categories?post=3555"},{"taxonomy":"post_tag","embeddable":true,"href":"https:\/\/www.dnacidadania.com.br\/antigo\/wp-json\/wp\/v2\/tags?post=3555"}],"curies":[{"name":"wp","href":"https:\/\/api.w.org\/{rel}","templated":true}]}}