{"id":2876,"date":"2021-08-02T18:00:10","date_gmt":"2021-08-02T17:00:10","guid":{"rendered":"https:\/\/www.dnacidadania.com.br\/?p=2876"},"modified":"2021-08-02T18:16:53","modified_gmt":"2021-08-02T17:16:53","slug":"declaracao-de-entrada-em-portugal","status":"publish","type":"post","link":"https:\/\/www.dnacidadania.com.br\/antigo\/declaracao-de-entrada-em-portugal\/","title":{"rendered":"Declara\u00e7\u00e3o de entrada em Portugal"},"content":{"rendered":"<h2 id=\"h-declara-o-de-entrada-em-portugal\"><b>Declara\u00e7\u00e3o de entrada em Portugal<\/b><\/h2>\n<p>Ao chegar em Portugal, a declara\u00e7\u00e3o de entrada poder\u00e1 ser preenchida atrav\u00e9s do site do SEF. At\u00e9 a total mudan\u00e7a de SEF Portugal para SEA, os acessos ao site seguem os mesmo.<\/p>\n<p><a href=\"https:\/\/dnacidadania.com.br\/antigo\/wp-content\/uploads\/2021\/08\/sef-declaracao-de-entrada-em-portugal.pdf\"><strong>Clique aqui para acessar a Declara\u00e7\u00e3o de Entrada em Portugal.<\/strong><\/a><\/p>\n<p>O modelo de declara\u00e7\u00e3o deve ser preenchido e acompanhado do passaporte v\u00e1lido, com o carimbo de entrada em solo europeu.<\/p>\n<h2 id=\"h-quem-n-o-precisa-fazer-a-declara-o-de-entrada-em-portugal\"><span id=\"Quem_nao_precisa_fazer_a_declaracao_de_entrada_em_Portugal\" class=\"ez-toc-section\"><\/span><b>Quem n\u00e3o precisa fazer a declara\u00e7\u00e3o de entrada em Portugal?<\/b><\/h2>\n<ul>\n<li>Detentores de Autoriza\u00e7\u00e3o de Resid\u00eancia v\u00e1lida;<\/li>\n<li>Que possuam Visto Consular de Resid\u00eancia com validade superior a 180 dias;<\/li>\n<li><a href=\"http:\/\/bit.ly\/3jcBw3h\"><strong>Cidad\u00e3os da Uni\u00e3o Europeia<\/strong><\/a>;<\/li>\n<li>Que tenham entrado diretamente e passado pela imigra\u00e7\u00e3o em Portugal;<\/li>\n<li>Ou, se instalem em estabelecimentos hoteleiros ou noutro tipo de alojamento em que seja aplic\u00e1vel o disposto no n.\u00ba 1 do artigo 16.\u00ba. Pois o pr\u00f3prio estabelecimento hoteleiro est\u00e1 encarregado deste procedimento.<\/li>\n<\/ul>\n<p>Entretanto, alguns estabelecimentos hoteleiros n\u00e3o procedem a esta informa\u00e7\u00e3o obrigat\u00f3ria ao Servi\u00e7o de fronteira em Portugal. Por isso, \u00e9 indicado sempre que sejam guardados os comprovativos de hospedagem e <em>check-in<\/em> nesses locais, para sanar eventuais transtornos.<\/p>\n<h3>Artigo 16.\u00ba<\/h3>\n<p class=\"center\">Comunica\u00e7\u00e3o do alojamento<\/p>\n<div class=\"text\">\n<div>1 &#8211; As empresas exploradoras de estabelecimentos hoteleiros, meios complementares de alojamento tur\u00edstico ou conjuntos tur\u00edsticos, bem como todos aqueles que facultem, a t\u00edtulo oneroso, alojamento a cidad\u00e3os estrangeiros, ficam obrigadas a comunic\u00e1-lo, no prazo de tr\u00eas dias \u00fateis, por meio de boletim de alojamento, ao SEF ou, nas localidades onde este n\u00e3o exista, \u00e0 Guarda Nacional Republicana ou \u00e0 Pol\u00edcia de Seguran\u00e7a P\u00fablica.<\/div>\n<\/div>\n<div><\/div>\n<div><\/div>\n<div class=\"text\">\n<div><\/div>\n<\/div>\n<div><a href=\"bit.ly\/3jcBw3h\"><img loading=\"lazy\" decoding=\"async\" class=\"aligncenter wp-image-2886 size-large\" src=\"https:\/\/dnacidadania.com.br\/antigo\/wp-content\/uploads\/2021\/08\/banner_carga_tributaria_01_c-1024x1024.png\" alt=\"\" width=\"1024\" height=\"1024\" srcset=\"https:\/\/www.dnacidadania.com.br\/antigo\/wp-content\/uploads\/2021\/08\/banner_carga_tributaria_01_c-1024x1024.png 1024w, https:\/\/www.dnacidadania.com.br\/antigo\/wp-content\/uploads\/2021\/08\/banner_carga_tributaria_01_c-150x150.png 150w, https:\/\/www.dnacidadania.com.br\/antigo\/wp-content\/uploads\/2021\/08\/banner_carga_tributaria_01_c-300x300.png 300w, https:\/\/www.dnacidadania.com.br\/antigo\/wp-content\/uploads\/2021\/08\/banner_carga_tributaria_01_c-768x768.png 768w, https:\/\/www.dnacidadania.com.br\/antigo\/wp-content\/uploads\/2021\/08\/banner_carga_tributaria_01_c.png 1080w\" sizes=\"auto, (max-width: 1024px) 100vw, 1024px\" \/><\/a><\/div>\n","protected":false},"excerpt":{"rendered":"<p>Declara\u00e7\u00e3o de entrada em Portugal Ao chegar em Portugal, a declara\u00e7\u00e3o de entrada poder\u00e1 ser preenchida atrav\u00e9s do site do SEF. At\u00e9 a total mudan\u00e7a de SEF Portugal para SEA, os acessos ao site seguem os mesmo. Clique aqui para acessar a Declara\u00e7\u00e3o de Entrada em Portugal. O modelo de declara\u00e7\u00e3o deve ser preenchido e [&hellip;]<\/p>\n","protected":false},"author":2,"featured_media":2882,"comment_status":"open","ping_status":"closed","sticky":false,"template":"","format":"standard","meta":{"footnotes":""},"categories":[354,23],"tags":[355],"class_list":["post-2876","post","type-post","status-publish","format-standard","has-post-thumbnail","hentry","category-autorizacao-de-residencia-em-portugal","category-como-morar-em-portugal","tag-declaracao-de-entrada-em-portugal"],"_links":{"self":[{"href":"https:\/\/www.dnacidadania.com.br\/antigo\/wp-json\/wp\/v2\/posts\/2876","targetHints":{"allow":["GET"]}}],"collection":[{"href":"https:\/\/www.dnacidadania.com.br\/antigo\/wp-json\/wp\/v2\/posts"}],"about":[{"href":"https:\/\/www.dnacidadania.com.br\/antigo\/wp-json\/wp\/v2\/types\/post"}],"author":[{"embeddable":true,"href":"https:\/\/www.dnacidadania.com.br\/antigo\/wp-json\/wp\/v2\/users\/2"}],"replies":[{"embeddable":true,"href":"https:\/\/www.dnacidadania.com.br\/antigo\/wp-json\/wp\/v2\/comments?post=2876"}],"version-history":[{"count":4,"href":"https:\/\/www.dnacidadania.com.br\/antigo\/wp-json\/wp\/v2\/posts\/2876\/revisions"}],"predecessor-version":[{"id":2896,"href":"https:\/\/www.dnacidadania.com.br\/antigo\/wp-json\/wp\/v2\/posts\/2876\/revisions\/2896"}],"wp:featuredmedia":[{"embeddable":true,"href":"https:\/\/www.dnacidadania.com.br\/antigo\/wp-json\/wp\/v2\/media\/2882"}],"wp:attachment":[{"href":"https:\/\/www.dnacidadania.com.br\/antigo\/wp-json\/wp\/v2\/media?parent=2876"}],"wp:term":[{"taxonomy":"category","embeddable":true,"href":"https:\/\/www.dnacidadania.com.br\/antigo\/wp-json\/wp\/v2\/categories?post=2876"},{"taxonomy":"post_tag","embeddable":true,"href":"https:\/\/www.dnacidadania.com.br\/antigo\/wp-json\/wp\/v2\/tags?post=2876"}],"curies":[{"name":"wp","href":"https:\/\/api.w.org\/{rel}","templated":true}]}}