{"id":1729,"date":"2019-12-12T21:23:49","date_gmt":"2019-12-12T21:23:49","guid":{"rendered":"https:\/\/www.dnacidadania.com.br\/?p=1729"},"modified":"2021-07-19T16:16:44","modified_gmt":"2021-07-19T15:16:44","slug":"nacionalidade-portuguesa-sefarditas","status":"publish","type":"post","link":"https:\/\/www.dnacidadania.com.br\/antigo\/nacionalidade-portuguesa-sefarditas\/","title":{"rendered":"\u00c9 descendente de Judeus Sefarditas portugueses?"},"content":{"rendered":"<h1><span style=\"font-size: 14pt;\">O que \u00e9 SEFARDITA?<\/span><\/h1>\n<p><b>Sefardita<\/b>\u00a0\u00e9 o termo usado para referir aos descendentes de\u00a0judeus\u00a0origin\u00e1rios de\u00a0Portugal\u00a0e\u00a0Espanha.\u00a0Os <strong>Judeus Sefarditas<\/strong> s\u00e3o os descendentes das antigas e tradicionais\u00a0<strong>comunidades judaicas da Pen\u00ednsula Ib\u00e9rica (Portugal e Espanha)<\/strong>. A partir de finais do s\u00e9culo XV os sefarditas <strong>passaram a ser perseguidos por parte do Estado e pela Inquisi\u00e7\u00e3o portuguesa e espanhola\u00a0<\/strong>(1478 -1834), sendo for\u00e7ados a se converterem ao catolicismo, sob pena de serem expulsos do seu territ\u00f3rio, fato que ocasionou a fuga de milhares de judeus para v\u00e1rios pa\u00edses.<\/p>\n<p>&nbsp;<\/p>\n<p><img loading=\"lazy\" decoding=\"async\" class=\"aligncenter wp-image-1738 size-full\" src=\"https:\/\/dnacidadania.com.br\/antigo\/wp-content\/uploads\/2019\/12\/judeus-expulsos.jpeg\" alt=\"\" width=\"460\" height=\"305\" srcset=\"https:\/\/www.dnacidadania.com.br\/antigo\/wp-content\/uploads\/2019\/12\/judeus-expulsos.jpeg 460w, https:\/\/www.dnacidadania.com.br\/antigo\/wp-content\/uploads\/2019\/12\/judeus-expulsos-300x199.jpeg 300w\" sizes=\"auto, (max-width: 460px) 100vw, 460px\" \/><\/p>\n<p>&nbsp;<\/p>\n<p>Uma grande parte fugiu para o\u00a0norte de \u00c1frica, onde viveram durante s\u00e9culos. Milhares se refugiaram no\u00a0Novo Mundo, principalmente <strong>Brasil.\u00a0<\/strong>Os judeus portugueses tamb\u00e9m chegaram com os holandeses em\u00a0Pernambuco\u00a0e, consecutivamente, a toda regi\u00e3o setentrional do Nordeste brasileiro, outrora conquistado aos portugueses pela\u00a0Companhia Neerlandesa das \u00cdndias Ocidentais, entre os anos de 1630 a 1654, onde fundaram no\u00a0Recife, capital da\u00a0<a title=\"Nova Holanda\" href=\"https:\/\/pt.wikipedia.org\/wiki\/Nova_Holanda\">Nova Holanda <\/a>(tamb\u00e9m conhecida como\u00a0<b>Brasil Holand\u00eas<\/b>, foi uma col\u00f4nia da\u00a0Companhia Neerlandesa das \u00cdndias Ocidentais\u00a0(<i>WIC<\/i>) que ocupou grande parte da\u00a0regi\u00e3o Nordeste do Brasil\u00a0entre\u00a01630\u00a0e\u00a01654), a primeira\u00a0sinagoga\u00a0da Am\u00e9rica, a\u00a0<a title=\"Sinagoga Kahal Zur Israel\" href=\"https:\/\/pt.wikipedia.org\/wiki\/Sinagoga_Kahal_Zur_Israel\">Sinagoga Kahal Zur Israel.<\/a><sup id=\"cite_ref-7\" class=\"reference\"><\/sup><\/p>\n<p>Tamb\u00e9m no M\u00e9xico, onde nos dias atuais se concentram milhares de descendentes dos judeus conhecidos como\u00a0marranos. Os sefarditas s\u00e3o divididos hoje em ocidentais e orientais. Os ocidentais s\u00e3o os chamados\u00a0<a title=\"Judeus da na\u00e7\u00e3o portuguesa\" href=\"https:\/\/pt.wikipedia.org\/wiki\/Judeus_da_na%C3%A7%C3%A3o_portuguesa\">judeus da na\u00e7\u00e3o portuguesa<\/a>, enquanto os orientais s\u00e3o os <em>sefardim<\/em> que viveram no\u00a0Imp\u00e9rio Otomano.<\/p>\n<p>Por este motivo foi criada a<strong> LEI DA REPARA\u00c7\u00c3O HIST\u00d3RICA<\/strong>, que &#8220;<em>vem regulamentar a possibilidade, consagrada na Lei da Nacionalidade, de o Governo poder conceder a nacionalidade portuguesa, por naturaliza\u00e7\u00e3o, a descendentes de judeus sefarditas portugueses, perseguidos pela Inquisi\u00e7\u00e3o portuguesa, com a coniv\u00eancia da Coroa, a quem foram causados danos irrepar\u00e1veis<\/em>&#8220;, segundo a Ministra Paula Teixeira da Cruz, face ao &#8220;<em>antissemitismo que grassa na Europa<\/em>&#8220;.<\/p>\n<p>O diploma aprovado agora \u201c<em>vem permitir o exerc\u00edcio do direito ao retorno dos descendentes judeus sefarditas de origem portuguesa que o desejem, mediante a aquisi\u00e7\u00e3o da nacionalidade portuguesa por naturaliza\u00e7\u00e3o<\/em>&#8220;.<\/p>\n<p>Em Portugal, o n\u00famero 7 do artigo 6.\u00ba da Lei da Nacionalidade, prev\u00ea a possibilidade de aquisi\u00e7\u00e3o de nacionalidade por descendentes de judeus sefarditas portugueses.<\/p>\n<h1><span style=\"font-size: 14pt;\"><img loading=\"lazy\" decoding=\"async\" class=\"aligncenter wp-image-1740\" src=\"https:\/\/dnacidadania.com.br\/antigo\/wp-content\/uploads\/2019\/12\/sobrenomes-judeus-sefarditas-300x171.jpg\" alt=\"\" width=\"500\" height=\"286\" srcset=\"https:\/\/www.dnacidadania.com.br\/antigo\/wp-content\/uploads\/2019\/12\/sobrenomes-judeus-sefarditas-300x171.jpg 300w, https:\/\/www.dnacidadania.com.br\/antigo\/wp-content\/uploads\/2019\/12\/sobrenomes-judeus-sefarditas-768x439.jpg 768w, https:\/\/www.dnacidadania.com.br\/antigo\/wp-content\/uploads\/2019\/12\/sobrenomes-judeus-sefarditas-1024x585.jpg 1024w, https:\/\/www.dnacidadania.com.br\/antigo\/wp-content\/uploads\/2019\/12\/sobrenomes-judeus-sefarditas.jpg 1050w\" sizes=\"auto, (max-width: 500px) 100vw, 500px\" \/>Nacionalidade Portuguesa aos Judeus Sefarditas &#8211;\u00a0<\/span><span style=\"font-size: 14pt;\">Quem julga os casos?<\/span><\/h1>\n<div class=\"detalhe_service_subtitle\">A aquisi\u00e7\u00e3o da nacionalidade portuguesa depende sempre de uma\u00a0decis\u00e3o do <em><strong><span style=\"text-decoration: underline;\">Ministro da Justi\u00e7a<\/span><\/strong><\/em>,\u00a0autoridade p\u00fablica respons\u00e1vel por julgar as referidas solicita\u00e7\u00f5es de nacionalidade, conforme determina o art. 7 da Lei n\u00ba 37\/81 e art. 28 do Regulamento da Nacionalidade Portuguesa (DL n\u00ba 237-A\/2006).<\/div>\n<div><\/div>\n<div>\n<blockquote><p><span style=\"color: #800000;\"><strong>Art. 6, 7 da Lei 37\/81:<\/strong><\/span><\/p>\n<p><span style=\"color: #800000;\"><strong>\u201cO Governo pode conceder a nacionalidade por naturaliza\u00e7\u00e3o (\u2026) aos descendentes de judeus sefarditas portugueses (\u2026) \u201d<\/strong><\/span><\/p><\/blockquote>\n<\/div>\n<h2>E voc\u00ea?<\/h2>\n<div id=\"list-box\">\n<div class=\"list-box_outer_container\">\n<div class=\"list-box_inner_container\">\n<ul>\n<li>\n<blockquote><p><strong>Tem mais de 18 anos ou \u00e9 emancipado\u00a0de acordo com a lei portuguesa?<\/strong><\/p><\/blockquote>\n<\/li>\n<li>\n<blockquote><p><strong>\u00c9 descendente de judeus sefarditas portugueses?<\/strong><\/p><\/blockquote>\n<\/li>\n<li>\n<blockquote><p><strong>Pertence a uma comunidade sefardita de origem portuguesa?<\/strong><\/p><\/blockquote>\n<\/li>\n<\/ul>\n<\/div>\n<div class=\"justica-detalhe_service_page_module1\">\n<h4 id=\"Parapediranacionalidadeportuguesanopode\">Para pedir a nacionalidade portuguesa <span style=\"text-decoration: underline;\">n\u00e3o<\/span> pode:<\/h4>\n<\/div>\n<div class=\"justica-detalhe_service_page_module5\">\n<div id=\"list-box\">\n<div class=\"list-box_outer_container\">\n<div class=\"list-box_inner_container\">\n<ul>\n<li>ter sido condenado\/a por um crime que em Portugal seja pun\u00edvel com pena de pris\u00e3o de 3 anos ou mais<\/li>\n<li>estar envolvido em atividades relacionadas com terrorismo.<\/li>\n<\/ul>\n<\/div>\n<h2 id=\"Documentosnecessrios\"><span style=\"font-size: 14pt;\">Os Documentos necess\u00e1rios s\u00e3o:<\/span><\/h2>\n<h4 id=\"Parapediranacionalidadeportuguesavaiprecisardeapresentarosseguintesdocumentos\">Para pedir a nacionalidade portuguesa vai precisar de apresentar os seguintes documentos.<\/h4>\n<\/div>\n<\/div>\n<\/div>\n<\/div>\n<\/div>\n<p><strong>\u00a01 &#8211; A sua certid\u00e3o de nascimento deve estar legalizada.<\/strong><\/p>\n<ol style=\"list-style-type: upper-roman;\">\n<li>A certid\u00e3o deve ser na forma reprogr\u00e1fica (por fotoc\u00f3pia), na impossibilidade o cart\u00f3rio deve emitir uma declara\u00e7\u00e3o a justificar o motivo. Na impossibilidade de reprogr\u00e1fica pode ser inteiro teor digitada;<\/li>\n<li>A legaliza\u00e7\u00e3o internacional \u00e9 feita atrav\u00e9s da\u00a0Apostila de Haia;<\/li>\n<li>Se n\u00e3o estiver em portugu\u00eas, deve ter a tradu\u00e7\u00e3o certificada.<\/li>\n<\/ol>\n<p>No caso de portugueses, basta o n\u00famero e ano do registro.<\/p>\n<p><strong>2 &#8211; C\u00f3pia autenticada e\u00a0apostilhada\u00a0da carteira de identidade\u00a0(RG).<\/strong><\/p>\n<p><strong>3 &#8211; Registro Criminal<\/strong><\/p>\n<ol>\n<li>Emitido pelos pa\u00edses estrangeiros onde tenha vivido a partir dos 16 anos e a sua\u00a0<strong>tradu\u00e7\u00e3o certificada<\/strong>\u00a0para portugu\u00eas.<\/li>\n<li>Atestado de antecedentes criminais brasileiro.<\/li>\n<\/ol>\n<p><span style=\"text-decoration: underline;\"><strong>TRADU\u00c7\u00c3O CERTIFICADA<\/strong><\/span><\/p>\n<div id=\"widget__Title_widget\" class=\"\">\n<blockquote><p><strong><span style=\"font-size: 16px;\">Pode ser feita pelos seguintes servi\u00e7os ou entidades:\u00a0<\/span><\/strong><span style=\"font-size: 12pt;\">Cart\u00f3rio Notarial portugu\u00eas, Conservat\u00f3ria dos Registos Centrais; Conservat\u00f3ria do Registo Civil; Consulado portugu\u00eas no pa\u00eds onde o documento foi emitido; Consulado que represente em Portugal o pa\u00eds onde o documento foi emitido; C\u00e2maras de Com\u00e9rcio e Ind\u00fastria, reconhecidas nos termos do Decreto-Lei n.\u00ba\u00a0\u00a0 244\/92, de 29 de Outubro; Advogados e Solicitadores; Pode ainda ser feita por tradutor id\u00f3neo e certificada por qualquer um dos servi\u00e7os ou entidades anteriormente referidas.<\/span><\/p><\/blockquote>\n<p><strong>4 &#8211; Um Certificado emitido por uma\u00a0comunidade judaica em Portugal:<\/strong><\/p>\n<\/div>\n<ul>\n<li>\n<blockquote><p>a entidade deve ter estatuto de pessoa coletiva religiosa (<strong>como\u00a0a Comunidade Israelita de Lisboa e a Comunidade Israelita do Porto<\/strong>)<\/p><\/blockquote>\n<\/li>\n<li>\n<blockquote><p>ou\u00a0um documento que prove que pertence a uma comunidade judaica sefardita de ascend\u00eancia portuguesa.<\/p><\/blockquote>\n<\/li>\n<\/ul>\n<p>Antes de iniciar o processo, obtenha o <strong>Certificado da Comunidade Judaica Portuguesa<\/strong>. Para obter esse certificado, assim como demais informa\u00e7\u00f5es sobre o assunto, poder\u00e1 utilizar um dos seguintes contactos das Institui\u00e7\u00f5es competentes nomeadas pelo Governo Portugu\u00eas para apreciar os documentos do candidato a cidadania.<\/p>\n<ul>\n<li><strong>Comunidade Israelita de Lisboa<\/strong><\/li>\n<li>Site:\u00a0<a href=\"https:\/\/cilisboa.org\/\" target=\"_blank\" rel=\"noopener\">www.cilisboa.org<\/a><br \/>\nemail:\u00a0<a href=\"mailto:sephardi.naturalization@comunidadeisraelitalisboa.org\">sephardi.naturalization@comunidadeisraelitalisboa.org<br \/>\n<\/a>ou\u00a0<a href=\"mailto:sephardi.naturalization@cilisboa.org\">sephardi.naturalization@cilisboa.org<br \/>\n<\/a>telefone:\u00a0+ 351 21 393 11 39<\/li>\n<\/ul>\n<p>ou<\/p>\n<ul>\n<li><strong>Comunidade Israelita do Porto<\/strong><\/li>\n<li>Site:\u00a0<a href=\"http:\/\/www.comunidade-israelita-porto.org\/x\">http:\/\/www.comunidade-israelita-porto.org\/x<\/a><br \/>\nemail:\u00a0<a href=\"mailto:portuguesnationality@comunidade-israelita-porto.org\">portuguesnationality@comunidade-israelita-porto.org<br \/>\n<\/a>telefone: + 351 911 768 596<\/li>\n<\/ul>\n<blockquote><p><span style=\"font-size: 14pt; color: #800000;\"><strong>Esse Certificado comprova a sua qualidade de descendente de judeus sefarditas. Sem ele n\u00e3o poder\u00e1 dar andamento no pedido.<\/strong><\/span><\/p><\/blockquote>\n<p><strong>5 &#8211; Depois seu advogado poder\u00e1 requerer ao\u00a0Ministro da Justi\u00e7a com:<\/strong><\/p>\n<ul>\n<li>Seu nome completo, data de nascimento, nacionalidade, nome dos pais, profiss\u00e3o, resid\u00eancia, e\u00a0a descri\u00e7\u00e3o dos factos que fazem com que perten\u00e7a a uma comunidade sefardita de origem portuguesa, por exemplo, os apelidos da sua fam\u00edlia, a l\u00edngua que falam\u00a0em\u00a0fam\u00edlia, o parente que era membro\u00a0da comunidade sefardita de origem portuguesa.<\/li>\n<\/ul>\n<p>De posse do Certificado Israelista e demais documentos exigidos,\u00a0<strong>o nosso advogado Dr. Rodrigo Lopes<\/strong>\u00a0protocolar\u00e1 e acompanhar\u00e1 o processo at\u00e9 sua conclus\u00e3o. Nosso advogado \u00e9 habilitado pela\u00a0<strong>Ordem dos Advogados de Portugal (OA)<\/strong>, especializado em processos de Nacionalidade Portuguesa, cumprindo os requisitos exigidos pela legisla\u00e7\u00e3o portuguesa.<\/p>\n<blockquote><p>Conforme determina <a href=\"https:\/\/dre.pt\/home\/-\/dre\/216911\/details\/maximized\"><strong>o art. 42\u00ba, 1 do DL n\u00ba 237-A\/2006<\/strong><\/a>, poder\u00e3o ser solicitados outros documentos pelo conservador, hip\u00f3tese em que o requerente ter\u00e1 um prazo para se manifestar.<\/p>\n<p>Artigo 42.\u00ba<\/p>\n<p>Dilig\u00eancias oficiosas<\/p>\n<p>1 &#8211; Sempre que tenha sido requerida a atribui\u00e7\u00e3o, aquisi\u00e7\u00e3o ou perda da nacionalidade, <strong>pode o conservador determinar as dilig\u00eancias que considere necess\u00e1rias para proferir a decis\u00e3o.<\/strong><\/p><\/blockquote>\n<div id=\"list-box\">\n<div class=\"list-box_outer_container\">\n<div class=\"justica-detalhe_service_page_module5\">\n<div id=\"list-box\">\n<div class=\"list-box_outer_container\">\n<h2 id=\"Quantocusta\"><span style=\"font-size: 12pt;\">Quanto custa?<\/span><\/h2>\n<p>O custo \u00e9 de 250 Euros.<\/p>\n<\/div>\n<\/div>\n<\/div>\n<\/div>\n<\/div>\n<p>&nbsp;<\/p>\n<p>Dr. Rodrigo Lopes<\/p>\n<p><em>Advogado<\/em><\/p>\n<div id=\"list-box\">\n<div class=\"list-box_outer_container\">\n<div class=\"justica-detalhe_service_page_module5\">\n<div id=\"list-box\">\n<p style=\"text-align: center;\">\n<\/div>\n<p style=\"text-align: center;\"><span style=\"font-size: 18pt;\">Caso deseje entrar em contato:<\/span><\/p>\n<p style=\"text-align: center;\"><span style=\"font-size: 18pt;\"><span style=\"text-decoration: underline;\">contato@dnacidadania.com.br<\/span><\/span><\/p>\n<\/div>\n<\/div>\n<\/div>\n<p>&nbsp;<\/p>\n<p>&nbsp;<\/p>\n<p>&nbsp;<\/p>\n","protected":false},"excerpt":{"rendered":"<p>O que \u00e9 SEFARDITA? Sefardita\u00a0\u00e9 o termo usado para referir aos descendentes de\u00a0judeus\u00a0origin\u00e1rios de\u00a0Portugal\u00a0e\u00a0Espanha.\u00a0Os Judeus Sefarditas s\u00e3o os descendentes das antigas e tradicionais\u00a0comunidades judaicas da Pen\u00ednsula Ib\u00e9rica (Portugal e Espanha). A partir de finais do s\u00e9culo XV os sefarditas passaram a ser perseguidos por parte do Estado e pela Inquisi\u00e7\u00e3o portuguesa e espanhola\u00a0(1478 -1834), sendo [&hellip;]<\/p>\n","protected":false},"author":2,"featured_media":1740,"comment_status":"open","ping_status":"closed","sticky":false,"template":"","format":"standard","meta":{"footnotes":""},"categories":[14,13],"tags":[193,194],"class_list":["post-1729","post","type-post","status-publish","format-standard","has-post-thumbnail","hentry","category-documentos-necessarios-para-judeus-sefarditas","category-judeus-sefarditas","tag-cidadania-portuguesa-sefarditas","tag-judeus-sefarditas"],"_links":{"self":[{"href":"https:\/\/www.dnacidadania.com.br\/antigo\/wp-json\/wp\/v2\/posts\/1729","targetHints":{"allow":["GET"]}}],"collection":[{"href":"https:\/\/www.dnacidadania.com.br\/antigo\/wp-json\/wp\/v2\/posts"}],"about":[{"href":"https:\/\/www.dnacidadania.com.br\/antigo\/wp-json\/wp\/v2\/types\/post"}],"author":[{"embeddable":true,"href":"https:\/\/www.dnacidadania.com.br\/antigo\/wp-json\/wp\/v2\/users\/2"}],"replies":[{"embeddable":true,"href":"https:\/\/www.dnacidadania.com.br\/antigo\/wp-json\/wp\/v2\/comments?post=1729"}],"version-history":[{"count":10,"href":"https:\/\/www.dnacidadania.com.br\/antigo\/wp-json\/wp\/v2\/posts\/1729\/revisions"}],"predecessor-version":[{"id":2836,"href":"https:\/\/www.dnacidadania.com.br\/antigo\/wp-json\/wp\/v2\/posts\/1729\/revisions\/2836"}],"wp:featuredmedia":[{"embeddable":true,"href":"https:\/\/www.dnacidadania.com.br\/antigo\/wp-json\/wp\/v2\/media\/1740"}],"wp:attachment":[{"href":"https:\/\/www.dnacidadania.com.br\/antigo\/wp-json\/wp\/v2\/media?parent=1729"}],"wp:term":[{"taxonomy":"category","embeddable":true,"href":"https:\/\/www.dnacidadania.com.br\/antigo\/wp-json\/wp\/v2\/categories?post=1729"},{"taxonomy":"post_tag","embeddable":true,"href":"https:\/\/www.dnacidadania.com.br\/antigo\/wp-json\/wp\/v2\/tags?post=1729"}],"curies":[{"name":"wp","href":"https:\/\/api.w.org\/{rel}","templated":true}]}}